{"id":12122,"date":"2021-12-21T21:38:48","date_gmt":"2021-12-21T21:38:48","guid":{"rendered":"https:\/\/tintafresca.net\/?p=12122"},"modified":"2021-12-22T13:17:07","modified_gmt":"2021-12-22T13:17:07","slug":"taxa-de-ocupacao-de-doentes-covid-19-nas-uci-dos-hospitais-da-regiao-centro-e-de-78","status":"publish","type":"post","link":"https:\/\/tintafresca.net\/index.php\/2021\/12\/21\/taxa-de-ocupacao-de-doentes-covid-19-nas-uci-dos-hospitais-da-regiao-centro-e-de-78\/","title":{"rendered":"Taxa de ocupa\u00e7\u00e3o de doentes Covid-19 nas UCI dos hospitais da Regi\u00e3o Centro \u00e9 de 78%"},"content":{"rendered":"<div id=\"attachment_7665\" style=\"width: 509px\" class=\"wp-caption alignleft\"><img loading=\"lazy\" decoding=\"async\" aria-describedby=\"caption-attachment-7665\" class=\"wp-image-7665 size-full\" src=\"https:\/\/tintafresca.net\/wp-content\/uploads\/2021\/08\/Tomar_Hospital10.jpg\" alt=\"\" width=\"499\" height=\"403\" \/><p id=\"caption-attachment-7665\" class=\"wp-caption-text\">Hospital de Tomar<\/p><\/div>\n<p>A Administra\u00e7\u00e3o Regional de Sa\u00fade (ARS) do Centro atualizou, a 20 de Dezembro, a evolu\u00e7\u00e3o do n\u00famero de internados nos \u00faltimos 30 dias, em enfermaria e UCI por Covid-19, bem como as taxas de ocupa\u00e7\u00e3o e o n\u00famero de camas ativas por tipologia nos hospitais da regi\u00e3o Centro.<\/p>\n<p>O n\u00famero de internados Covid \u00e9 de 258 (-16), com 219 doentes em enfermaria (-20) e 39 em UCI (+4), dos quais 32 ventilados (+2). Registaram-se 26 altas em enfermaria e zero em UCI, tendo-se verificado 3 \u00f3bitos e 13 admiss\u00f5es.<\/p>\n<p>As taxas de ocupa\u00e7\u00e3o nas enfermarias Covid e UCI Covid nos hospitais da regi\u00e3o s\u00e3o de 67% e 78% respetivamente, sendo que a abertura e encerramento de camas em enfermaria e\/ou UCI \u00e9 din\u00e2mica, estando dependente do evoluir da situa\u00e7\u00e3o epidemiol\u00f3gica.<\/p>\n<p>O setor Social\/Privado convencionado tem 8 doentes Covid-19 internados.<\/p>\n<p><strong> Fonte: ARS|Centro<\/strong><\/p>\n","protected":false},"excerpt":{"rendered":"<p>A Administra\u00e7\u00e3o Regional de Sa\u00fade (ARS) do Centro atualizou, a 20 de Dezembro, a evolu\u00e7\u00e3o do n\u00famero de internados nos \u00faltimos 30 dias, em enfermaria e UCI por Covid-19, bem como as taxas de ocupa\u00e7\u00e3o e o n\u00famero de camas ativas por tipologia nos hospitais da regi\u00e3o Centro. O n\u00famero de internados Covid \u00e9 de [&hellip;]<\/p>\n","protected":false},"author":2,"featured_media":7601,"comment_status":"open","ping_status":"open","sticky":false,"template":"","format":"standard","meta":{"footnotes":""},"categories":[6],"tags":[],"class_list":["post-12122","post","type-post","status-publish","format-standard","has-post-thumbnail","hentry","category-saude"],"_links":{"self":[{"href":"https:\/\/tintafresca.net\/index.php\/wp-json\/wp\/v2\/posts\/12122","targetHints":{"allow":["GET"]}}],"collection":[{"href":"https:\/\/tintafresca.net\/index.php\/wp-json\/wp\/v2\/posts"}],"about":[{"href":"https:\/\/tintafresca.net\/index.php\/wp-json\/wp\/v2\/types\/post"}],"author":[{"embeddable":true,"href":"https:\/\/tintafresca.net\/index.php\/wp-json\/wp\/v2\/users\/2"}],"replies":[{"embeddable":true,"href":"https:\/\/tintafresca.net\/index.php\/wp-json\/wp\/v2\/comments?post=12122"}],"version-history":[{"count":3,"href":"https:\/\/tintafresca.net\/index.php\/wp-json\/wp\/v2\/posts\/12122\/revisions"}],"predecessor-version":[{"id":12125,"href":"https:\/\/tintafresca.net\/index.php\/wp-json\/wp\/v2\/posts\/12122\/revisions\/12125"}],"wp:featuredmedia":[{"embeddable":true,"href":"https:\/\/tintafresca.net\/index.php\/wp-json\/wp\/v2\/media\/7601"}],"wp:attachment":[{"href":"https:\/\/tintafresca.net\/index.php\/wp-json\/wp\/v2\/media?parent=12122"}],"wp:term":[{"taxonomy":"category","embeddable":true,"href":"https:\/\/tintafresca.net\/index.php\/wp-json\/wp\/v2\/categories?post=12122"},{"taxonomy":"post_tag","embeddable":true,"href":"https:\/\/tintafresca.net\/index.php\/wp-json\/wp\/v2\/tags?post=12122"}],"curies":[{"name":"wp","href":"https:\/\/api.w.org\/{rel}","templated":true}]}}