{"id":1213,"date":"2021-02-07T00:58:59","date_gmt":"2021-02-07T00:58:59","guid":{"rendered":"https:\/\/tintafresca.net\/?p=1213"},"modified":"2021-02-07T01:08:35","modified_gmt":"2021-02-07T01:08:35","slug":"barragens-do-rio-tejo-aproximam-se-do-limite-mas-nao-se-preve-ainda-a-ocorrencia-de-cheias","status":"publish","type":"post","link":"https:\/\/tintafresca.net\/index.php\/2021\/02\/07\/barragens-do-rio-tejo-aproximam-se-do-limite-mas-nao-se-preve-ainda-a-ocorrencia-de-cheias\/","title":{"rendered":"Barragens do Rio Tejo aproximam-se do limite mas n\u00e3o se prev\u00ea ainda a ocorr\u00eancia de cheias"},"content":{"rendered":"<div id=\"attachment_1215\" style=\"width: 510px\" class=\"wp-caption alignleft\"><img loading=\"lazy\" decoding=\"async\" aria-describedby=\"caption-attachment-1215\" class=\"wp-image-1215\" src=\"https:\/\/tintafresca.net\/wp-content\/uploads\/2021\/02\/Ferreira_Zezere_dornes02.jpg\" alt=\"\" width=\"500\" height=\"281\" \/><p id=\"caption-attachment-1215\" class=\"wp-caption-text\"><strong>Rio Z\u00eazere em Dornes, concelho de Ferreira do Z\u00eazere<\/strong><\/p><\/div>\n<p>O\u00a0 Servi\u00e7o Municipal de Prote\u00e7\u00e3o Civil de Santar\u00e9m informou, no dia 6 de fevereiro, que, decorrente da precipita\u00e7\u00e3o que se tem sentido no distrito de Santar\u00e9m, mas essencialmente devido ao in\u00edcio das descargas das barragens espanholas e portuguesas, os n\u00edveis hidrom\u00e9tricos e caudais do rio Tejo t\u00eam tend\u00eancia a aumentar.<\/p>\n<p>Em fun\u00e7\u00e3o das condi\u00e7\u00f5es meteorol\u00f3gicas presentes e previstas e com a informa\u00e7\u00e3o dispon\u00edvel neste momento, n\u00e3o se prev\u00ea que o Rio Tejo, transvase as suas margens, mantendo-se dentro do leito. Contudo, prev\u00ea-se que as zonas que se situam dentro desse leito e que s\u00e3o normalmente utilizadas como zonas agr\u00edcolas e de pastagem possam ser afetadas, al\u00e9m do aumento dos caudais no Rio Tejo, com potencial impacto nas zonas ribeirinhas.<br \/>\n<strong><br \/>\nCapacidade das Barragens da Bacia Hidrogr\u00e1fica do Tejo<\/strong><\/p>\n<p>Cabril \u2013 76%<br \/>\nBou\u00e7\u00e3 \u2013 97%<br \/>\nCastelo do Bode \u2013 84%<br \/>\nBelver \u2013 99%<br \/>\nPracana \u2013 74%<br \/>\nFratel \u2013 98%<\/p>\n<p>O SMPC recomenda \u00e0 popula\u00e7\u00e3o a tomada das medidas necess\u00e1rias de precau\u00e7\u00e3o e especial aten\u00e7\u00e3o, \u00e0s poss\u00edveis consequ\u00eancias:<\/p>\n<p>Cheias motivadas pelo transbordo do leito de alguns rios:<\/p>\n<ul>\n<li>O arrastamento e deposi\u00e7\u00e3o de materiais s\u00f3lidos pelos cursos de \u00e1gua pode contribuir, significativamente para o acr\u00e9scimo dos efeitos das cheias. Outros condicionantes, como a falta de obst\u00e1culos \u00e0 progress\u00e3o da \u00e1gua nas bacias drenantes e a incapacidade de reten\u00e7\u00e3o da precipita\u00e7\u00e3o no coberto vegetal (como consequ\u00eancia de \u00e1reas ardidas) assim como a diminui\u00e7\u00e3o da capacidade de vaz\u00e3o das linhas de \u00e1gua e da capacidade de armazenamento nas albufeiras devido ao arrastamento de s\u00f3lidos (por eros\u00e3o) desde as bacias drenantes at\u00e9 \u00e0 linha de \u00e1gua, s\u00e3o fatores associados \u00e0s inunda\u00e7\u00f5es por cheias.<\/li>\n<li>Neste contexto, recomenda-se a ado\u00e7\u00e3o, entre outras, das seguintes medidas de precau\u00e7\u00e3o:<\/li>\n<\/ul>\n<p>\u2713 As popula\u00e7\u00f5es devem retirar &#8220;das zonas confinantes, normalmente inund\u00e1veis,<\/p>\n<p>equipamentos agr\u00edcolas, industriais, viaturas e outros bens&#8221;, e a levarem os animais &#8220;para locais seguros, retirando os rebanhos que se encontram nas zonas que ser\u00e3o provavelmente inund\u00e1veis&#8221;;<\/p>\n<p>\u2713 \u00c9 recomendado &#8220;n\u00e3o atravessar com viaturas ou a p\u00e9 estradas ou zonas alagadas&#8221;;<\/p>\n<p>\u2713 Deve manter-se informado atrav\u00e9s dos \u00d3rg\u00e3os de Comunica\u00e7\u00e3o Social ou dos agentes de Prote\u00e7\u00e3o Civil, &#8220;desenvolvendo as a\u00e7\u00f5es necess\u00e1rias para a sua prote\u00e7\u00e3o, da fam\u00edlia e bens&#8221;.<\/p>\n<p>\u2713 Desobstru\u00e7\u00e3o de linhas de \u00e1gua principalmente junto a pontes, aquedutos e outros estrangulamentos do escoamento;<\/p>\n<p>\u2713 Limpeza de linhas de \u00e1gua assoreadas;<\/p>\n<p>\u2713 Limpeza dos res\u00edduos s\u00f3lidos urbanos (muitos deles de grandes dimens\u00f5es) depositados nos tro\u00e7os marginais dos cursos de \u00e1gua;<\/p>\n<p>\u2713 Evitar cortes rasos de material lenhoso ardido em situa\u00e7\u00f5es de declive intenso, localizados nas proximidades das linhas de \u00e1gua;<\/p>\n<p>\u2713 Recolha ou tritura\u00e7\u00e3o dos res\u00edduos resultantes do corte dos salvados das \u00e1reas ardidas localizadas nas margens das linhas de \u00e1gua;<\/p>\n<p>\u2713 Recolha ou tritura\u00e7\u00e3o dos res\u00edduos de atividades agr\u00edcolas e florestais existentes nas \u00a0margens das linhas de \u00e1gua;<\/p>\n<p>\u2713 Verifica\u00e7\u00e3o (e eventual repara\u00e7\u00e3o) de eventuais situa\u00e7\u00f5es de desmoronamentos das margens das linhas de \u00e1gua, de modo a evitar obstru\u00e7\u00f5es ou estrangulamentos;<\/p>\n<p>\u2713 Inspe\u00e7\u00e3o visual de diques, ou outros aterros longitudinais \u00e0s linhas de \u00e1gua, destinados a resguardar os terrenos marginais;<\/p>\n<p>\u2713 Identifica\u00e7\u00e3o de novos \u201cpontos cr\u00edticos\u201d (aglomerados populacionais, edifica\u00e7\u00f5es, vias de comunica\u00e7\u00e3o, pontes\/pont\u00f5es, etc.).<\/p>\n<p>O Servi\u00e7o Municipal de Prote\u00e7\u00e3o Civil de Santar\u00e9m est\u00e1 a acompanhar a evolu\u00e7\u00e3o da subida dos n\u00edveis da \u00e1gua no concelho em articula\u00e7\u00e3o com o Comando Distrital de Opera\u00e7\u00f5es de Socorro de Santar\u00e9m, Ag\u00eancia Portuguesa do Ambiente, Infraestruturas de Portugal, e agentes de Prote\u00e7\u00e3o Civil Municipal, e emitir\u00e1 outros comunicados sempre que tal se revele necess\u00e1rio.<\/p>\n<p>O Servi\u00e7o Municipal de Prote\u00e7\u00e3o Civil apela \u00e0 aten\u00e7\u00e3o de todos para a observ\u00e2ncia das situa\u00e7\u00f5es acima descritas, que se adotem e divulguem as medidas preventivas enunciadas, com vista \u00e0 mitiga\u00e7\u00e3o dos riscos descritos e por forma a salvaguardar a prote\u00e7\u00e3o dos cidad\u00e3os e dos seus bens.<\/p>\n<p><strong>\u00a0 Fonte: SMPC|CMS<\/strong><\/p>\n","protected":false},"excerpt":{"rendered":"<p>O\u00a0 Servi\u00e7o Municipal de Prote\u00e7\u00e3o Civil de Santar\u00e9m informou, no dia 6 de fevereiro, que, decorrente da precipita\u00e7\u00e3o que se tem sentido no distrito de Santar\u00e9m, mas essencialmente devido ao in\u00edcio das descargas das barragens espanholas e portuguesas, os n\u00edveis hidrom\u00e9tricos e caudais do rio Tejo t\u00eam tend\u00eancia a aumentar. Em fun\u00e7\u00e3o das condi\u00e7\u00f5es meteorol\u00f3gicas [&hellip;]<\/p>\n","protected":false},"author":2,"featured_media":1216,"comment_status":"open","ping_status":"open","sticky":false,"template":"","format":"standard","meta":{"footnotes":""},"categories":[9],"tags":[],"class_list":["post-1213","post","type-post","status-publish","format-standard","has-post-thumbnail","hentry","category-ambiente"],"_links":{"self":[{"href":"https:\/\/tintafresca.net\/index.php\/wp-json\/wp\/v2\/posts\/1213","targetHints":{"allow":["GET"]}}],"collection":[{"href":"https:\/\/tintafresca.net\/index.php\/wp-json\/wp\/v2\/posts"}],"about":[{"href":"https:\/\/tintafresca.net\/index.php\/wp-json\/wp\/v2\/types\/post"}],"author":[{"embeddable":true,"href":"https:\/\/tintafresca.net\/index.php\/wp-json\/wp\/v2\/users\/2"}],"replies":[{"embeddable":true,"href":"https:\/\/tintafresca.net\/index.php\/wp-json\/wp\/v2\/comments?post=1213"}],"version-history":[{"count":5,"href":"https:\/\/tintafresca.net\/index.php\/wp-json\/wp\/v2\/posts\/1213\/revisions"}],"predecessor-version":[{"id":1220,"href":"https:\/\/tintafresca.net\/index.php\/wp-json\/wp\/v2\/posts\/1213\/revisions\/1220"}],"wp:featuredmedia":[{"embeddable":true,"href":"https:\/\/tintafresca.net\/index.php\/wp-json\/wp\/v2\/media\/1216"}],"wp:attachment":[{"href":"https:\/\/tintafresca.net\/index.php\/wp-json\/wp\/v2\/media?parent=1213"}],"wp:term":[{"taxonomy":"category","embeddable":true,"href":"https:\/\/tintafresca.net\/index.php\/wp-json\/wp\/v2\/categories?post=1213"},{"taxonomy":"post_tag","embeddable":true,"href":"https:\/\/tintafresca.net\/index.php\/wp-json\/wp\/v2\/tags?post=1213"}],"curies":[{"name":"wp","href":"https:\/\/api.w.org\/{rel}","templated":true}]}}