{"id":12208,"date":"2021-12-24T12:36:22","date_gmt":"2021-12-24T12:36:22","guid":{"rendered":"https:\/\/tintafresca.net\/?p=12208"},"modified":"2021-12-24T12:47:34","modified_gmt":"2021-12-24T12:47:34","slug":"camara-de-santarem-reduz-irs-para-475","status":"publish","type":"post","link":"https:\/\/tintafresca.net\/index.php\/2021\/12\/24\/camara-de-santarem-reduz-irs-para-475\/","title":{"rendered":"C\u00e2mara de Santar\u00e9m reduz IRS para 4,75%"},"content":{"rendered":"<p><img loading=\"lazy\" decoding=\"async\" class=\"alignleft wp-image-12210 size-full\" src=\"https:\/\/tintafresca.net\/wp-content\/uploads\/2021\/12\/IRS.jpg\" alt=\"\" width=\"180\" height=\"180\" \/>O Executivo Municipal de Santar\u00e9m aprovou a redu\u00e7\u00e3o da participa\u00e7\u00e3o vari\u00e1vel no Imposto sobre o Rendimento das Pessoas Singulares (IRS) para 4,75%.<\/p>\n<p>Em cada ano, todos os munic\u00edpios t\u00eam direito a uma participa\u00e7\u00e3o vari\u00e1vel at\u00e9 5% no IRS dos sujeitos passivos com domic\u00edlio fiscal no concelho em quest\u00e3o, relativo aos rendimentos do ano imediatamente anterior. Tendo o Munic\u00edpio de Santar\u00e9m deliberado aplicar a taxa de 4,75% a vigorar no ano de 2022, significa que a autarquia ir\u00e1 abdicar de 167.840\u20ac de receita, a favor dos sujeitos passivos, n\u00e3o isentos em sede de IRS e com domic\u00edlio fiscal no concelho de Santar\u00e9m.<\/p>\n<p>Sendo este um benef\u00edcio municipal, ao mun\u00edcipe bastar\u00e1 entregar a declara\u00e7\u00e3o de IRS dentro dos prazos estipulados por Lei e o valor ser-lhe-\u00e1 devolvido automaticamente sobre a forma de desconto no IRS.<\/p>\n<p>Esta \u00e9 mais uma medida fiscal adotada pelo Executivo Municipal, no sentido de aliviar a carga fiscal sobre as fam\u00edlias do concelho.<\/p>\n<p><strong>\u00a0 \u00a0 \u00a0Fonte: GRPC|CMS<\/strong><\/p>\n<p>&nbsp;<\/p>\n","protected":false},"excerpt":{"rendered":"<p>O Executivo Municipal de Santar\u00e9m aprovou a redu\u00e7\u00e3o da participa\u00e7\u00e3o vari\u00e1vel no Imposto sobre o Rendimento das Pessoas Singulares (IRS) para 4,75%. Em cada ano, todos os munic\u00edpios t\u00eam direito a uma participa\u00e7\u00e3o vari\u00e1vel at\u00e9 5% no IRS dos sujeitos passivos com domic\u00edlio fiscal no concelho em quest\u00e3o, relativo aos rendimentos do ano imediatamente anterior. [&hellip;]<\/p>\n","protected":false},"author":2,"featured_media":12210,"comment_status":"open","ping_status":"open","sticky":false,"template":"","format":"standard","meta":{"footnotes":""},"categories":[7],"tags":[],"class_list":["post-12208","post","type-post","status-publish","format-standard","has-post-thumbnail","hentry","category-economia"],"_links":{"self":[{"href":"https:\/\/tintafresca.net\/index.php\/wp-json\/wp\/v2\/posts\/12208","targetHints":{"allow":["GET"]}}],"collection":[{"href":"https:\/\/tintafresca.net\/index.php\/wp-json\/wp\/v2\/posts"}],"about":[{"href":"https:\/\/tintafresca.net\/index.php\/wp-json\/wp\/v2\/types\/post"}],"author":[{"embeddable":true,"href":"https:\/\/tintafresca.net\/index.php\/wp-json\/wp\/v2\/users\/2"}],"replies":[{"embeddable":true,"href":"https:\/\/tintafresca.net\/index.php\/wp-json\/wp\/v2\/comments?post=12208"}],"version-history":[{"count":3,"href":"https:\/\/tintafresca.net\/index.php\/wp-json\/wp\/v2\/posts\/12208\/revisions"}],"predecessor-version":[{"id":12212,"href":"https:\/\/tintafresca.net\/index.php\/wp-json\/wp\/v2\/posts\/12208\/revisions\/12212"}],"wp:featuredmedia":[{"embeddable":true,"href":"https:\/\/tintafresca.net\/index.php\/wp-json\/wp\/v2\/media\/12210"}],"wp:attachment":[{"href":"https:\/\/tintafresca.net\/index.php\/wp-json\/wp\/v2\/media?parent=12208"}],"wp:term":[{"taxonomy":"category","embeddable":true,"href":"https:\/\/tintafresca.net\/index.php\/wp-json\/wp\/v2\/categories?post=12208"},{"taxonomy":"post_tag","embeddable":true,"href":"https:\/\/tintafresca.net\/index.php\/wp-json\/wp\/v2\/tags?post=12208"}],"curies":[{"name":"wp","href":"https:\/\/api.w.org\/{rel}","templated":true}]}}