{"id":12263,"date":"2021-12-26T16:16:39","date_gmt":"2021-12-26T16:16:39","guid":{"rendered":"https:\/\/tintafresca.net\/?p=12263"},"modified":"2021-12-26T20:23:54","modified_gmt":"2021-12-26T20:23:54","slug":"municipio-de-santarem-reforca-capacidade-de-testagem-a-covid-19-no-concelho-com-walk-thru-instalado-no-largo-candido-dos-reis","status":"publish","type":"post","link":"https:\/\/tintafresca.net\/index.php\/2021\/12\/26\/municipio-de-santarem-reforca-capacidade-de-testagem-a-covid-19-no-concelho-com-walk-thru-instalado-no-largo-candido-dos-reis\/","title":{"rendered":"Munic\u00edpio de Santar\u00e9m refor\u00e7a capacidade de testagem \u00e0 Covid-19 instalando \u201cWalk-Thru\u201d no Largo C\u00e2ndido dos Reis"},"content":{"rendered":"<div id=\"attachment_12265\" style=\"width: 510px\" class=\"wp-caption alignleft\"><img loading=\"lazy\" decoding=\"async\" aria-describedby=\"caption-attachment-12265\" class=\"wp-image-12265 size-full\" src=\"https:\/\/tintafresca.net\/wp-content\/uploads\/2021\/12\/Santarem_Walk-Thru-Covid19_10.jpg\" alt=\"\" width=\"500\" height=\"304\" \/><p id=\"caption-attachment-12265\" class=\"wp-caption-text\">Centro de testes no Largo C\u00e2ndido dos Reis<\/p><\/div>\n<p>O Munic\u00edpio de Santar\u00e9m com objetivo de aumentar a testagem \u00e0 COVID-19, lan\u00e7a a campanha\u00a0\u201cSantar\u00e9m Testada | Pessoas Protegidas\u201d<strong>.<\/strong> \u00a0Este projeto visa o aumento da capacidade de testagem no Concelho com a instala\u00e7\u00e3o de um Centro de Testagem \u00e0 COVID-19, em parceria com a Unilabs.<\/p>\n<p>Este centro, designado por \u201cWalk-Thru&#8221;, ser\u00e1 instalado no Largo C\u00e2ndido dos Reis, junto ao antigo edif\u00edcio dos CTT (atual ISLA), que iniciou o seu funcionamento na quinta-feira dia 23 de janeiro. De segunda a sexta entre as 09h00 e as 18h00 (com exce\u00e7\u00e3o para 24 e 31 de dezembro, que funciona das 09h00 \u00e0s 16h00), todos os cidad\u00e3os poder\u00e3o utilizar este servi\u00e7o, utilizando os 4 testes mensais comparticipados na totalidade pelo Servi\u00e7o Nacional de Sa\u00fade.<\/p>\n<p>Com esta medida a autarquia refor\u00e7a a testagem, aumentando por esta via a conten\u00e7\u00e3o da propaga\u00e7\u00e3o do v\u00edrus, para que, com \u201cSantar\u00e9m Testada\u201d, as pessoas e o concelho fiquem mais protegidos.<\/p>\n<p>Desde o in\u00edcio da pandemia que a import\u00e2ncia da testagem \u00e9 fundamental para reduzir o potencial risco de transmiss\u00e3o e, neste sentido, para o Munic\u00edpio de Santar\u00e9m \u00e9 fulcral e priorit\u00e1rio o refor\u00e7o da testagem de todos os cidad\u00e3os, como forma de detetar e rastrear casos de COVID-19 no concelho, mitigando a propaga\u00e7\u00e3o deste v\u00edrus.<\/p>\n<p>O Munic\u00edpio apela ainda \u00e0 popula\u00e7\u00e3o a necessidade em seguir as recomenda\u00e7\u00f5es emanadas pelas Dire\u00e7\u00e3o-Geral de Sa\u00fade, de forma a evitar um retrocesso de todo o empenho individual no combate \u00e0 pandemia.<\/p>\n<p><strong>\u00a0 \u00a0 \u00a0Fonte: GRPC|CMS<\/strong><\/p>\n","protected":false},"excerpt":{"rendered":"<p>O Munic\u00edpio de Santar\u00e9m com objetivo de aumentar a testagem \u00e0 COVID-19, lan\u00e7a a campanha\u00a0\u201cSantar\u00e9m Testada | Pessoas Protegidas\u201d. \u00a0Este projeto visa o aumento da capacidade de testagem no Concelho com a instala\u00e7\u00e3o de um Centro de Testagem \u00e0 COVID-19, em parceria com a Unilabs. Este centro, designado por \u201cWalk-Thru&#8221;, ser\u00e1 instalado no Largo C\u00e2ndido [&hellip;]<\/p>\n","protected":false},"author":2,"featured_media":12266,"comment_status":"open","ping_status":"open","sticky":false,"template":"","format":"standard","meta":{"footnotes":""},"categories":[6],"tags":[],"class_list":["post-12263","post","type-post","status-publish","format-standard","has-post-thumbnail","hentry","category-saude"],"_links":{"self":[{"href":"https:\/\/tintafresca.net\/index.php\/wp-json\/wp\/v2\/posts\/12263","targetHints":{"allow":["GET"]}}],"collection":[{"href":"https:\/\/tintafresca.net\/index.php\/wp-json\/wp\/v2\/posts"}],"about":[{"href":"https:\/\/tintafresca.net\/index.php\/wp-json\/wp\/v2\/types\/post"}],"author":[{"embeddable":true,"href":"https:\/\/tintafresca.net\/index.php\/wp-json\/wp\/v2\/users\/2"}],"replies":[{"embeddable":true,"href":"https:\/\/tintafresca.net\/index.php\/wp-json\/wp\/v2\/comments?post=12263"}],"version-history":[{"count":6,"href":"https:\/\/tintafresca.net\/index.php\/wp-json\/wp\/v2\/posts\/12263\/revisions"}],"predecessor-version":[{"id":12271,"href":"https:\/\/tintafresca.net\/index.php\/wp-json\/wp\/v2\/posts\/12263\/revisions\/12271"}],"wp:featuredmedia":[{"embeddable":true,"href":"https:\/\/tintafresca.net\/index.php\/wp-json\/wp\/v2\/media\/12266"}],"wp:attachment":[{"href":"https:\/\/tintafresca.net\/index.php\/wp-json\/wp\/v2\/media?parent=12263"}],"wp:term":[{"taxonomy":"category","embeddable":true,"href":"https:\/\/tintafresca.net\/index.php\/wp-json\/wp\/v2\/categories?post=12263"},{"taxonomy":"post_tag","embeddable":true,"href":"https:\/\/tintafresca.net\/index.php\/wp-json\/wp\/v2\/tags?post=12263"}],"curies":[{"name":"wp","href":"https:\/\/api.w.org\/{rel}","templated":true}]}}