{"id":12272,"date":"2021-12-26T17:42:51","date_gmt":"2021-12-26T17:42:51","guid":{"rendered":"https:\/\/tintafresca.net\/?p=12272"},"modified":"2021-12-26T17:51:12","modified_gmt":"2021-12-26T17:51:12","slug":"assembleia-municipal-da-nazare-aprova-mocao-da-bancada-do-psd-sobre-estado-critico-da-saude-no-concelho","status":"publish","type":"post","link":"https:\/\/tintafresca.net\/index.php\/2021\/12\/26\/assembleia-municipal-da-nazare-aprova-mocao-da-bancada-do-psd-sobre-estado-critico-da-saude-no-concelho\/","title":{"rendered":"Assembleia Municipal da Nazar\u00e9 aprova mo\u00e7\u00e3o da bancada do PSD sobre o estado cr\u00edtico da Sa\u00fade no concelho"},"content":{"rendered":"<div id=\"attachment_12274\" style=\"width: 410px\" class=\"wp-caption alignleft\"><img loading=\"lazy\" decoding=\"async\" aria-describedby=\"caption-attachment-12274\" class=\"wp-image-12274 size-full\" src=\"https:\/\/tintafresca.net\/wp-content\/uploads\/2021\/12\/Nazare_USF10.jpg\" alt=\"\" width=\"400\" height=\"631\" \/><p id=\"caption-attachment-12274\" class=\"wp-caption-text\">Unidade de Sa\u00fade Familiar Global<\/p><\/div>\n<p>A Assembleia Municipal da Nazar\u00e9 aprovou, no dia 10 de dezembro, uma mo\u00e7\u00e3o, da autoria da bancada do PSD, versando o Estado da Sa\u00fade no concelho. O documento come\u00e7a por recordar que \u201co concelho da Nazar\u00e9 e as suas tr\u00eas freguesias, atravessam h\u00e1 algum tempo uma grave lacuna na assist\u00eancia na doen\u00e7a aos seus habitantes. Os m\u00e9dicos existentes a prestarem servi\u00e7o s\u00e3o manifestamente insuficientes para responder \u00e0s necessidades da popula\u00e7\u00e3o. O facto de alguns m\u00e9dicos terem sido aposentados, sem que os respetivos postos de trabalho fossem preenchidos, criaram uma situa\u00e7\u00e3o insustent\u00e1vel, pelo que vimos mostrar a nossa preocupa\u00e7\u00e3o para a falta de cuidados de Sa\u00fade aos mun\u00edcipes do nosso Concelho.\u201d<\/p>\n<p>Al\u00e9m disso, \u201ca falta de recursos foi acentuada pela necessidade de tamb\u00e9m alguns recursos terem sido desviados para outras atividades como a identifica\u00e7\u00e3o de contactos, o estabelecimento de medidas de isolamento, entre outros. Esta falta de recursos condicionou a dificuldade ou aus\u00eancia de acessibilidade aos cuidados de sa\u00fade por grande parte da popula\u00e7\u00e3o e temos vindo a verificar o diagn\u00f3stico de doen\u00e7as oncol\u00f3gicas e cr\u00f3nicas em est\u00e1dios muito avan\u00e7ados e em muitos casos j\u00e1 muito pouco ou nada se pode fazer\u201d, acrescenta.<\/p>\n<p>O atual contexto pand\u00e9mico evidenciou, relativamente ao Servi\u00e7o Nacional de Sa\u00fade, \u201cdificuldades estruturais, a subor\u00e7amenta\u00e7\u00e3o cr\u00f3nica e a escassez de meios ao n\u00edvel das infraestruturas e dos recursos humanos. Consideramos que a Sa\u00fade deve ser uma prioridade m\u00e1xima no nosso concelho, atendendo a que estamos num per\u00edodo de calamidade nacional e a atravessar pelo segundo ano uma Pandemia a n\u00edvel Mundial\u201d, real\u00e7a.<\/p>\n<p>O PSD sublinha que \u00e9 conhecimento deste executivo de que existem no concelho cerca de 4 mil utentes sem M\u00e9dico de Fam\u00edlia, situa\u00e7\u00e3o que, no seu entender, \u00e9 insustent\u00e1vel, p\u00f5e em causa direitos constitucionalmente previstos e que j\u00e1 h\u00e1 largos meses t\u00eam vindo a ser descurados.<\/p>\n<p>Esta realidade ainda \u00e9 mais evidente nas Freguesias de Valado dos Frades e Famalic\u00e3o que est\u00e3o completamente ao abandono, apenas com um M\u00e9dico de Fam\u00edlia e com um ficheiro enorme de utentes, e condicionados \u00e1 falta de cuidados de sa\u00fade caso estes m\u00e9dicos faltem ou adoe\u00e7am.<\/p>\n<p>Os membros do PSD na Assembleia Municipal real\u00e7am ainda, que os crescentes problemas do Hospital de Santo Andr\u00e9, em Leiria condicionam outros Hospitais como o de Alcoba\u00e7a, deixando a popula\u00e7\u00e3o nazarena desprotegida e sem acesso \u00e0 Sa\u00fade.<\/p>\n<p>\u201cEntendemos ser vergonhoso o facto de, desde a abertura deste novo centro de sa\u00fade, n\u00e3o existir a preocupa\u00e7\u00e3o por parte da Tutela de realizar um atendimento condigno, criando para tal uma central telef\u00f3nica capaz de atender e prestar um servi\u00e7o eficaz a esta popula\u00e7\u00e3o. Proporcionar um atendimento condigno. H\u00e1 muito se discute este problema e at\u00e9 ao momento ainda n\u00e3o conseguiram resolver o problema. Inicialmente eram os telefones que n\u00e3o tocavam, agora o que \u00e9? Falta de vontade?\u201d, questionam os parlamentares.<\/p>\n<p>A mo\u00e7\u00e3o aprovada pela Assembleia Municipal da Nazar\u00e9 considera que \u201co Minist\u00e9rio da Sa\u00fade e o executivo deveriam ser capaz de desenvolver uma pol\u00edtica avan\u00e7ada para os profissionais de sa\u00fade (que seja capaz de os motivar e manter), criando mecanismos que permitam a interoperabilidade entre os diferentes n\u00edveis de cuidados (hospitalares, prim\u00e1rios, continuados e domicili\u00e1rios) e o incremento da participa\u00e7\u00e3o dos cidad\u00e3os nas decis\u00f5es que influenciam a organiza\u00e7\u00e3o e o funcionamento dos servi\u00e7os.\u201d<\/p>\n<p>Al\u00e9m disso, \u201cnuma altura em que o n\u00famero de infetados e mortos volta a subir, em que estamos nas v\u00e9speras de vacinar as crian\u00e7as do nosso concelho, o executivo municipal, enquanto interlocutor, dever\u00e1 fazer todos os esfor\u00e7os para a cria\u00e7\u00e3o de um espa\u00e7o (no exterior ou interior) do centro de sa\u00fade, com condi\u00e7\u00f5es adequadas \u00e0 rece\u00e7\u00e3o dos utentes em espera, quer para a vacina\u00e7\u00e3o, ou outro servi\u00e7o, sendo que o atual n\u00e3o re\u00fane condi\u00e7\u00f5es para as pessoas estarem salvaguardados das condi\u00e7\u00f5es meteorol\u00f3gicas adversas seja de frio ou de calor\u201d, alertam.<\/p>\n<p>A mo\u00e7\u00e3o considera, ainda, que \u201cface \u00e0 sobrelota\u00e7\u00e3o dos centros de testagens, farm\u00e1cias e laborat\u00f3rios, os quais neste momento n\u00e3o est\u00e3o a dar vaz\u00e3o aos in\u00fameros pedidos (grande parte de crian\u00e7as que por n\u00e3o terem os testes epidemiol\u00f3gicos feitos nos timings adequados, est\u00e3o a ficar retidos em casa, e impedidos de frequentar a escola, assim como as suas fam\u00edlias condicionadas de trabalhar e circular livremente, ou pelo contr\u00e1rio, a propagar o v\u00edrus por falta de resultados) consideramos priorit\u00e1rio a cria\u00e7\u00e3o de um espa\u00e7o de testagem de refor\u00e7o, e qui\u00e7\u00e1 de vacina\u00e7\u00e3o a expensas do Munic\u00edpio e que nesta \u00e9poca de festividades sirva como refor\u00e7o \u00e0 testagem.\u201d<\/p>\n<p>Este apoio poder\u00e1 al\u00e9m de ser fundamental aos mun\u00edcipes e quem trabalha no concelho da Nazar\u00e9, e poderia servir tamb\u00e9m, para os visitantes, e que queiram ser testados, possa frequentar os restaurantes e afins, contribuindo para o controlo desta pandemia que assola a todos e tantos preju\u00edzos tem causado, melhorando a economia local e o controlo da pr\u00f3pria pandemia.<\/p>\n<p>Pelo exposto, a Assembleia Municipal da Nazar\u00e9, reunida em plen\u00e1rio a 10 de Dezembro vem requer e prop\u00f5e \u00e0 dire\u00e7\u00e3o do ACES Oeste Norte:<\/p>\n<ol>\n<li>Proceda \u00e0 contrata\u00e7\u00e3o de mais m\u00e9dicos, enfermeiros, assistentes operacionais e t\u00e9cnicos de diagn\u00f3stico e terap\u00eautica, ao encontro das necessidades das unidades de cuidados de sa\u00fade prim\u00e1rios e hospitalares da Nazar\u00e9;<\/li>\n<li>Que sejam verificados e resolvidos os problemas relativos ao atendimento telef\u00f3nico aos utentes.<\/li>\n<li>Que crie recursos para a implementa\u00e7\u00e3o de uma sala no interior ou exterior (poderia ser uma tenda no exterior), para a rece\u00e7\u00e3o da popula\u00e7\u00e3o, com espa\u00e7o para a triagem, testagem e at\u00e9 vacina\u00e7\u00e3o da popula\u00e7\u00e3o nesta \u00e9poca mais critica. Ou conceda a possibilidade da utiliza\u00e7\u00e3o de um outro espa\u00e7o p\u00fablico ( ex. pavilh\u00e3o\/ sala ampla) para o mesmo fim.<\/li>\n<li>Que as falhas na realiza\u00e7\u00e3o dos testes epidemiol\u00f3gicos sejam r\u00e1pida e eficazmente colmatadas, j\u00e1 que as crian\u00e7as precisam de ter estabilidade, conforto e bem-estar neste momento que se espera de aflu\u00eancia massiva, assim como os restantes utentes do SNS na presta\u00e7\u00e3o dos cuidados de sa\u00fade.<\/li>\n<li>Que sejam prestados \u00e0 Assembleia Municipal da Nazar\u00e9, todos esclarecimentos e informa\u00e7\u00f5es que o Governo e a dire\u00e7\u00e3o executiva do ACES Oeste Norte entendam necess\u00e1rios e, principalmente, que informem esta AMN das dilig\u00eancias efetuadas para resolver os problemas, entretanto elencados.<\/li>\n<\/ol>\n<p>A mo\u00e7\u00e3o ser\u00e1 enviada \u00e0 Dire\u00e7\u00e3o Executiva do ACES Oeste Norte, \u00e0 Ministra da Tutela, ao Secret\u00e1rio de Estado da Sa\u00fade para resolu\u00e7\u00e3o, ao Presidente da Rep\u00fablica, ao Primeiro-Ministro, aos Grupos Parlamentares da Assembleia da Rep\u00fablica e \u00e0 comunica\u00e7\u00e3o social nacional e local, para conhecimento.<\/p>\n","protected":false},"excerpt":{"rendered":"<p>A Assembleia Municipal da Nazar\u00e9 aprovou, no dia 10 de dezembro, uma mo\u00e7\u00e3o, da autoria da bancada do PSD, versando o Estado da Sa\u00fade no concelho. O documento come\u00e7a por recordar que \u201co concelho da Nazar\u00e9 e as suas tr\u00eas freguesias, atravessam h\u00e1 algum tempo uma grave lacuna na assist\u00eancia na doen\u00e7a aos seus habitantes. [&hellip;]<\/p>\n","protected":false},"author":2,"featured_media":12275,"comment_status":"open","ping_status":"open","sticky":false,"template":"","format":"standard","meta":{"footnotes":""},"categories":[6],"tags":[],"class_list":["post-12272","post","type-post","status-publish","format-standard","has-post-thumbnail","hentry","category-saude"],"_links":{"self":[{"href":"https:\/\/tintafresca.net\/index.php\/wp-json\/wp\/v2\/posts\/12272","targetHints":{"allow":["GET"]}}],"collection":[{"href":"https:\/\/tintafresca.net\/index.php\/wp-json\/wp\/v2\/posts"}],"about":[{"href":"https:\/\/tintafresca.net\/index.php\/wp-json\/wp\/v2\/types\/post"}],"author":[{"embeddable":true,"href":"https:\/\/tintafresca.net\/index.php\/wp-json\/wp\/v2\/users\/2"}],"replies":[{"embeddable":true,"href":"https:\/\/tintafresca.net\/index.php\/wp-json\/wp\/v2\/comments?post=12272"}],"version-history":[{"count":4,"href":"https:\/\/tintafresca.net\/index.php\/wp-json\/wp\/v2\/posts\/12272\/revisions"}],"predecessor-version":[{"id":12278,"href":"https:\/\/tintafresca.net\/index.php\/wp-json\/wp\/v2\/posts\/12272\/revisions\/12278"}],"wp:featuredmedia":[{"embeddable":true,"href":"https:\/\/tintafresca.net\/index.php\/wp-json\/wp\/v2\/media\/12275"}],"wp:attachment":[{"href":"https:\/\/tintafresca.net\/index.php\/wp-json\/wp\/v2\/media?parent=12272"}],"wp:term":[{"taxonomy":"category","embeddable":true,"href":"https:\/\/tintafresca.net\/index.php\/wp-json\/wp\/v2\/categories?post=12272"},{"taxonomy":"post_tag","embeddable":true,"href":"https:\/\/tintafresca.net\/index.php\/wp-json\/wp\/v2\/tags?post=12272"}],"curies":[{"name":"wp","href":"https:\/\/api.w.org\/{rel}","templated":true}]}}