{"id":12279,"date":"2021-12-26T18:48:13","date_gmt":"2021-12-26T18:48:13","guid":{"rendered":"https:\/\/tintafresca.net\/?p=12279"},"modified":"2021-12-26T18:51:24","modified_gmt":"2021-12-26T18:51:24","slug":"taxa-municipal-turistica-de-obidos-entra-em-vigor-a-1-de-janeiro-de-2022","status":"publish","type":"post","link":"https:\/\/tintafresca.net\/index.php\/2021\/12\/26\/taxa-municipal-turistica-de-obidos-entra-em-vigor-a-1-de-janeiro-de-2022\/","title":{"rendered":"Taxa Municipal Tur\u00edstica de \u00d3bidos entra em vigor a 1 de Janeiro de 2022"},"content":{"rendered":"<div id=\"attachment_12282\" style=\"width: 510px\" class=\"wp-caption alignleft\"><img loading=\"lazy\" decoding=\"async\" aria-describedby=\"caption-attachment-12282\" class=\"wp-image-12282 size-full\" src=\"https:\/\/tintafresca.net\/wp-content\/uploads\/2021\/12\/Obidos_taxa_turistica10.jpg\" alt=\"\" width=\"500\" height=\"625\" \/><p id=\"caption-attachment-12282\" class=\"wp-caption-text\">Cartaz<\/p><\/div>\n<p>No dia 1 de Janeiro de 2022, entra em vigor a Taxa Municipal Tur\u00edstica\u00a0em \u00d3bidos.\u00a0Esta taxa destina-se a suportar custos de atividades e investimentos relacionados com a atividade tur\u00edstica, como seja a informa\u00e7\u00e3o e apoio ao turista, o refor\u00e7o da seguran\u00e7a de pessoas e bens, a realiza\u00e7\u00e3o de obras de manuten\u00e7\u00e3o e qualifica\u00e7\u00e3o urban\u00edstica, territorial, patrimonial e ambiental do espa\u00e7o p\u00fablico, bem como a cria\u00e7\u00e3o de infraestruturas e polos de oferta cultural, art\u00edstica e de lazer.<\/p>\n<p>A Taxa Municipal Tur\u00edstica \u00e9 aplicada a dormidas em estabelecimentos localizados no Munic\u00edpio de \u00d3bidos. O valor \u00e9 de 1 euro, por pessoa e por noite, para todos os h\u00f3spedes com idade superior a 13 anos. Ficam isentos do pagamento, devendo fazer prova atrav\u00e9s de declara\u00e7\u00e3o ou documento equivalente, aqueles que se encontram nas situa\u00e7\u00f5es cuja estadia seja motivada pela obten\u00e7\u00e3o de tratamentos m\u00e9dicos, pelo per\u00edodo do respetivo tratamento.<\/p>\n<p>Deste modo, as unidades de alojamento localizadas em todo o territ\u00f3rio municipal dever\u00e3o inscrever-se na plataforma municipal em\u00a0<a href=\"http:\/\/www.cm-obidos.pt\/atendimento\">www.cm-obidos.pt\/atendimento<\/a>\u00a0e come\u00e7ar a cobrar a taxa logo no primeiro dia do ano.<\/p>\n<p>Para d\u00favidas e esclarecimentos, poder\u00e3o comunicar com os servi\u00e7os atrav\u00e9s do seguinte e-mail:\u00a0taxaturistica@cm-obidos.pt.<\/p>\n<p>Informa\u00e7\u00f5es adicionais em\u00a0<a href=\"http:\/\/www.cm-obidos.pt\/\">www.cm-obidos.pt<\/a>.<\/p>\n<p><strong>\u00a0 \u00a0 \u00a0Fonte: GCD|CMO<\/strong><\/p>\n","protected":false},"excerpt":{"rendered":"<p>No dia 1 de Janeiro de 2022, entra em vigor a Taxa Municipal Tur\u00edstica\u00a0em \u00d3bidos.\u00a0Esta taxa destina-se a suportar custos de atividades e investimentos relacionados com a atividade tur\u00edstica, como seja a informa\u00e7\u00e3o e apoio ao turista, o refor\u00e7o da seguran\u00e7a de pessoas e bens, a realiza\u00e7\u00e3o de obras de manuten\u00e7\u00e3o e qualifica\u00e7\u00e3o urban\u00edstica, territorial, [&hellip;]<\/p>\n","protected":false},"author":2,"featured_media":12283,"comment_status":"open","ping_status":"open","sticky":false,"template":"","format":"standard","meta":{"footnotes":""},"categories":[7],"tags":[],"class_list":["post-12279","post","type-post","status-publish","format-standard","has-post-thumbnail","hentry","category-economia"],"_links":{"self":[{"href":"https:\/\/tintafresca.net\/index.php\/wp-json\/wp\/v2\/posts\/12279","targetHints":{"allow":["GET"]}}],"collection":[{"href":"https:\/\/tintafresca.net\/index.php\/wp-json\/wp\/v2\/posts"}],"about":[{"href":"https:\/\/tintafresca.net\/index.php\/wp-json\/wp\/v2\/types\/post"}],"author":[{"embeddable":true,"href":"https:\/\/tintafresca.net\/index.php\/wp-json\/wp\/v2\/users\/2"}],"replies":[{"embeddable":true,"href":"https:\/\/tintafresca.net\/index.php\/wp-json\/wp\/v2\/comments?post=12279"}],"version-history":[{"count":3,"href":"https:\/\/tintafresca.net\/index.php\/wp-json\/wp\/v2\/posts\/12279\/revisions"}],"predecessor-version":[{"id":12284,"href":"https:\/\/tintafresca.net\/index.php\/wp-json\/wp\/v2\/posts\/12279\/revisions\/12284"}],"wp:featuredmedia":[{"embeddable":true,"href":"https:\/\/tintafresca.net\/index.php\/wp-json\/wp\/v2\/media\/12283"}],"wp:attachment":[{"href":"https:\/\/tintafresca.net\/index.php\/wp-json\/wp\/v2\/media?parent=12279"}],"wp:term":[{"taxonomy":"category","embeddable":true,"href":"https:\/\/tintafresca.net\/index.php\/wp-json\/wp\/v2\/categories?post=12279"},{"taxonomy":"post_tag","embeddable":true,"href":"https:\/\/tintafresca.net\/index.php\/wp-json\/wp\/v2\/tags?post=12279"}],"curies":[{"name":"wp","href":"https:\/\/api.w.org\/{rel}","templated":true}]}}