{"id":12297,"date":"2021-12-27T15:07:17","date_gmt":"2021-12-27T15:07:17","guid":{"rendered":"https:\/\/tintafresca.net\/?p=12297"},"modified":"2021-12-27T15:20:49","modified_gmt":"2021-12-27T15:20:49","slug":"candidatas-do-pev-nas-listas-da-cdu-reunem-com-associacoes-de-ambiente-da-regiao-oeste-e-contactam-a-populacao-local","status":"publish","type":"post","link":"https:\/\/tintafresca.net\/index.php\/2021\/12\/27\/candidatas-do-pev-nas-listas-da-cdu-reunem-com-associacoes-de-ambiente-da-regiao-oeste-e-contactam-a-populacao-local\/","title":{"rendered":"Candidatas do PEV nas listas da CDU re\u00fanem com Associa\u00e7\u00f5es de Ambiente do Oeste e contactam a popula\u00e7\u00e3o"},"content":{"rendered":"<div id=\"attachment_12299\" style=\"width: 410px\" class=\"wp-caption alignleft\"><img loading=\"lazy\" decoding=\"async\" aria-describedby=\"caption-attachment-12299\" class=\"wp-image-12299\" src=\"https:\/\/tintafresca.net\/wp-content\/uploads\/2021\/12\/CDU_Mariana_silva10.jpg\" alt=\"\" width=\"400\" height=\"361\" \/><p id=\"caption-attachment-12299\" class=\"wp-caption-text\">Mariana Silva<\/p><\/div>\n<p>A conserva\u00e7\u00e3o da natureza, a promo\u00e7\u00e3o da biodiversidade e a prote\u00e7\u00e3o dos recursos naturais e a implementa\u00e7\u00e3o de uma estrat\u00e9gia para a promo\u00e7\u00e3o do bem-estar animal constituem objetivos de interesse p\u00fablico e justificam medidas de prote\u00e7\u00e3o adequadas por parte do Estado. Entre essas medidas est\u00e3o continuar o refor\u00e7o dos meios humanos e t\u00e9cnicos conseguido pelo PEV e com a CDU para a conserva\u00e7\u00e3o da Natureza, alocar mais verbas para a despolui\u00e7\u00e3o dos rios e criar o corpo de guarda-rios, apoiar o arranque de eucaliptos espont\u00e2neos e a reconvers\u00e3o da floresta com esp\u00e9cies aut\u00f3ctones ou at\u00e9 refor\u00e7ar os meios de fiscaliza\u00e7\u00e3o e inspe\u00e7\u00e3o ambiental, mas tamb\u00e9m reverter a municipaliza\u00e7\u00e3o das \u00e1reas protegidas.<\/p>\n<p>Esta ter\u00e7a-feira, dia 28 de dezembro, candidatas do PEV nas listas da CDU \u00e0s Elei\u00e7\u00f5es Legislativas de 2022, onde se inclui a deputada e candidata ecologista Mariana Silva, e ativistas reunir\u00e3o com Associa\u00e7\u00f5es de Ambiente e contactar\u00e3o com as popula\u00e7\u00f5es locais de acordo com o programa abaixo:<\/p>\n<p>Cadaval\u00a0 &#8211; Vilar<br \/>\n14h00 \u2013 Reuni\u00e3o com o Movimento Pr\u00f3-Informa\u00e7\u00e3o, em Vilar- Cadaval.<\/p>\n<p>Alenquer &#8211; Passinha<br \/>\n16h00 \u2013 Reuni\u00e3o com\u00a0 a\u00a0 Associa\u00e7\u00e3o para o Estudo e Defesa do Ambiente do Concelho de Alenquer -ALAMBI<\/p>\n","protected":false},"excerpt":{"rendered":"<p>A conserva\u00e7\u00e3o da natureza, a promo\u00e7\u00e3o da biodiversidade e a prote\u00e7\u00e3o dos recursos naturais e a implementa\u00e7\u00e3o de uma estrat\u00e9gia para a promo\u00e7\u00e3o do bem-estar animal constituem objetivos de interesse p\u00fablico e justificam medidas de prote\u00e7\u00e3o adequadas por parte do Estado. Entre essas medidas est\u00e3o continuar o refor\u00e7o dos meios humanos e t\u00e9cnicos conseguido pelo [&hellip;]<\/p>\n","protected":false},"author":2,"featured_media":12300,"comment_status":"open","ping_status":"open","sticky":false,"template":"","format":"standard","meta":{"footnotes":""},"categories":[9],"tags":[],"class_list":["post-12297","post","type-post","status-publish","format-standard","has-post-thumbnail","hentry","category-ambiente"],"_links":{"self":[{"href":"https:\/\/tintafresca.net\/index.php\/wp-json\/wp\/v2\/posts\/12297","targetHints":{"allow":["GET"]}}],"collection":[{"href":"https:\/\/tintafresca.net\/index.php\/wp-json\/wp\/v2\/posts"}],"about":[{"href":"https:\/\/tintafresca.net\/index.php\/wp-json\/wp\/v2\/types\/post"}],"author":[{"embeddable":true,"href":"https:\/\/tintafresca.net\/index.php\/wp-json\/wp\/v2\/users\/2"}],"replies":[{"embeddable":true,"href":"https:\/\/tintafresca.net\/index.php\/wp-json\/wp\/v2\/comments?post=12297"}],"version-history":[{"count":3,"href":"https:\/\/tintafresca.net\/index.php\/wp-json\/wp\/v2\/posts\/12297\/revisions"}],"predecessor-version":[{"id":12302,"href":"https:\/\/tintafresca.net\/index.php\/wp-json\/wp\/v2\/posts\/12297\/revisions\/12302"}],"wp:featuredmedia":[{"embeddable":true,"href":"https:\/\/tintafresca.net\/index.php\/wp-json\/wp\/v2\/media\/12300"}],"wp:attachment":[{"href":"https:\/\/tintafresca.net\/index.php\/wp-json\/wp\/v2\/media?parent=12297"}],"wp:term":[{"taxonomy":"category","embeddable":true,"href":"https:\/\/tintafresca.net\/index.php\/wp-json\/wp\/v2\/categories?post=12297"},{"taxonomy":"post_tag","embeddable":true,"href":"https:\/\/tintafresca.net\/index.php\/wp-json\/wp\/v2\/tags?post=12297"}],"curies":[{"name":"wp","href":"https:\/\/api.w.org\/{rel}","templated":true}]}}