{"id":12304,"date":"2021-12-27T21:09:43","date_gmt":"2021-12-27T21:09:43","guid":{"rendered":"https:\/\/tintafresca.net\/?p=12304"},"modified":"2021-12-27T21:09:43","modified_gmt":"2021-12-27T21:09:43","slug":"presidente-da-camara-de-ourem-visitou-centro-de-testagem-covid-19","status":"publish","type":"post","link":"https:\/\/tintafresca.net\/index.php\/2021\/12\/27\/presidente-da-camara-de-ourem-visitou-centro-de-testagem-covid-19\/","title":{"rendered":"Presidente da C\u00e2mara de Our\u00e9m visitou centro de testagem COVID-19"},"content":{"rendered":"<div id=\"attachment_12307\" style=\"width: 510px\" class=\"wp-caption alignleft\"><img loading=\"lazy\" decoding=\"async\" aria-describedby=\"caption-attachment-12307\" class=\"wp-image-12307 size-full\" src=\"https:\/\/tintafresca.net\/wp-content\/uploads\/2021\/12\/Ourem_testagem30.jpg\" alt=\"\" width=\"500\" height=\"375\" \/><p id=\"caption-attachment-12307\" class=\"wp-caption-text\">Visita de Lu\u00eds Miguel Albuquerque ao Centro de Testagem<\/p><\/div>\n<p>O presidente da C\u00e2mara Municipal de Our\u00e9m, Lu\u00eds Miguel Albuquerque, deslocou-se durante a manh\u00e3 de quinta-feira, 23 de dezembro, ao Centro Municipal de Exposi\u00e7\u00f5es para avaliar o funcionamento do centro de testagem Covid-19, de portas abertas desde quarta-feira. A visita permitiu tamb\u00e9m comprovar que o Ponto Municipal de Vacina\u00e7\u00e3o continua a laborar dentro da normalidade e o autarca aproveitou o momento para verificar o cumprimento das normas de seguran\u00e7a em vigor no Mercado Municipal Manuel Prazeres Dur\u00e3o.<\/p>\n<p>Lu\u00eds Miguel Albuquerque declarou que a disponibiliza\u00e7\u00e3o de testes r\u00e1pidos de antig\u00e9nio para os residentes no concelho de Our\u00e9m, tem como principal objetivo \u201csalvaguardar a seguran\u00e7a de todos aqueles que v\u00e3o passar o Natal em fam\u00edlia\u201d, precavendo cen\u00e1rios semelhantes ao vivido ap\u00f3s o Natal de 2020. O Presidente da C\u00e2mara garantiu ainda que todas as pessoas residentes no concelho de Our\u00e9m poder\u00e3o fazer um teste no Centro Municipal de Exposi\u00e7\u00f5es, disponibilizado gratuitamente pela autarquia nos hor\u00e1rios de funcionamento do centro de testagem.<\/p>\n<p>A estrutura realizou 671 testes no primeiro dia, esteve em funcionamento at\u00e9 \u00e0s 19h00 de 23 de dezembro e entre as 10h00 e as 16h00 do dia 24 de dezembro e a realiza\u00e7\u00e3o de mais iniciativas deste g\u00e9nero est\u00e1 dependente da evolu\u00e7\u00e3o da situa\u00e7\u00e3o pand\u00e9mica, decis\u00e3o que ser\u00e1 tomada em articula\u00e7\u00e3o com a Autoridade de Sa\u00fade local.<\/p>\n<div id=\"attachment_12308\" style=\"width: 510px\" class=\"wp-caption alignleft\"><img loading=\"lazy\" decoding=\"async\" aria-describedby=\"caption-attachment-12308\" class=\"wp-image-12308 size-full\" src=\"https:\/\/tintafresca.net\/wp-content\/uploads\/2021\/12\/Ourem_testagem10.jpg\" alt=\"\" width=\"500\" height=\"333\" \/><p id=\"caption-attachment-12308\" class=\"wp-caption-text\">Fila de espera para a testagem<\/p><\/div>\n<p>No que diz respeito \u00e0 vacina\u00e7\u00e3o, Lu\u00eds Miguel Albuquerque congratulou-se com o funcionamento do Ponto Municipal de Vacina\u00e7\u00e3o, sublinhando que cerca de 96% dos mun\u00edcipes eleg\u00edveis receberam j\u00e1 duas doses da vacina. A terceira dose j\u00e1 foi administrada a sensivelmente 76% da popula\u00e7\u00e3o eleg\u00edvel e o processo de vacina\u00e7\u00e3o das crian\u00e7as tamb\u00e9m decorre com normalidade, com cerca de 22% das crian\u00e7as entre os 9 e os 11 anos residentes no concelho j\u00e1 vacinadas.<\/p>\n<p>Ap\u00f3s a visita ao Centro Municipal de Exposi\u00e7\u00f5es, o presidente da C\u00e2mara, acompanhado pelo Vereador Rui Vital e pelo Coordenador do Servi\u00e7o Municipal de Prote\u00e7\u00e3o Civil, realizou um p\u00e9riplo pelo Mercado Municipal Manuel Prazeres Dur\u00e3o. Aqui o objetivo foi averiguar o cumprimento das normas em vigor, para, caso se verifique necess\u00e1rio, implementar medidas de seguran\u00e7a no acesso ao espa\u00e7o. De forma generalizada, foi poss\u00edvel constatar o uso de m\u00e1scara e a manuten\u00e7\u00e3o do distanciamento poss\u00edvel, dados que sustentam a decis\u00e3o de para j\u00e1 n\u00e3o aplicar medidas restritivas no acesso ao Mercado Municipal Manuel Prazeres Dur\u00e3o.<\/p>\n<p><strong>\u00a0 \u00a0Fonte: GIC|CMO<\/strong><\/p>\n","protected":false},"excerpt":{"rendered":"<p>O presidente da C\u00e2mara Municipal de Our\u00e9m, Lu\u00eds Miguel Albuquerque, deslocou-se durante a manh\u00e3 de quinta-feira, 23 de dezembro, ao Centro Municipal de Exposi\u00e7\u00f5es para avaliar o funcionamento do centro de testagem Covid-19, de portas abertas desde quarta-feira. A visita permitiu tamb\u00e9m comprovar que o Ponto Municipal de Vacina\u00e7\u00e3o continua a laborar dentro da normalidade [&hellip;]<\/p>\n","protected":false},"author":2,"featured_media":12310,"comment_status":"open","ping_status":"open","sticky":false,"template":"","format":"standard","meta":{"footnotes":""},"categories":[6],"tags":[],"class_list":["post-12304","post","type-post","status-publish","format-standard","has-post-thumbnail","hentry","category-saude"],"_links":{"self":[{"href":"https:\/\/tintafresca.net\/index.php\/wp-json\/wp\/v2\/posts\/12304","targetHints":{"allow":["GET"]}}],"collection":[{"href":"https:\/\/tintafresca.net\/index.php\/wp-json\/wp\/v2\/posts"}],"about":[{"href":"https:\/\/tintafresca.net\/index.php\/wp-json\/wp\/v2\/types\/post"}],"author":[{"embeddable":true,"href":"https:\/\/tintafresca.net\/index.php\/wp-json\/wp\/v2\/users\/2"}],"replies":[{"embeddable":true,"href":"https:\/\/tintafresca.net\/index.php\/wp-json\/wp\/v2\/comments?post=12304"}],"version-history":[{"count":2,"href":"https:\/\/tintafresca.net\/index.php\/wp-json\/wp\/v2\/posts\/12304\/revisions"}],"predecessor-version":[{"id":12309,"href":"https:\/\/tintafresca.net\/index.php\/wp-json\/wp\/v2\/posts\/12304\/revisions\/12309"}],"wp:featuredmedia":[{"embeddable":true,"href":"https:\/\/tintafresca.net\/index.php\/wp-json\/wp\/v2\/media\/12310"}],"wp:attachment":[{"href":"https:\/\/tintafresca.net\/index.php\/wp-json\/wp\/v2\/media?parent=12304"}],"wp:term":[{"taxonomy":"category","embeddable":true,"href":"https:\/\/tintafresca.net\/index.php\/wp-json\/wp\/v2\/categories?post=12304"},{"taxonomy":"post_tag","embeddable":true,"href":"https:\/\/tintafresca.net\/index.php\/wp-json\/wp\/v2\/tags?post=12304"}],"curies":[{"name":"wp","href":"https:\/\/api.w.org\/{rel}","templated":true}]}}