{"id":12366,"date":"2021-12-29T13:48:39","date_gmt":"2021-12-29T13:48:39","guid":{"rendered":"https:\/\/tintafresca.net\/?p=12366"},"modified":"2021-12-29T13:52:32","modified_gmt":"2021-12-29T13:52:32","slug":"aigp-serras-do-norte-de-ourem-e-uma-das-primeiras-70-constituidas-no-pais","status":"publish","type":"post","link":"https:\/\/tintafresca.net\/index.php\/2021\/12\/29\/aigp-serras-do-norte-de-ourem-e-uma-das-primeiras-70-constituidas-no-pais\/","title":{"rendered":"\u00c1rea Integrada de Gest\u00e3o da Paisagem \u201cSerras do Norte de Our\u00e9m\u201d \u00e9 uma das primeiras 70 constitu\u00eddas no Pa\u00eds"},"content":{"rendered":"<div id=\"attachment_12368\" style=\"width: 510px\" class=\"wp-caption alignleft\"><img loading=\"lazy\" decoding=\"async\" aria-describedby=\"caption-attachment-12368\" class=\"wp-image-12368 size-full\" src=\"https:\/\/tintafresca.net\/wp-content\/uploads\/2021\/12\/Ourem_Serras10.jpg\" alt=\"\" width=\"500\" height=\"333\" \/><p id=\"caption-attachment-12368\" class=\"wp-caption-text\">Cerim\u00f3nia de constitui\u00e7\u00e3o da AIGP teve lugar na Sert\u00e3<\/p><\/div>\n<p>O Munic\u00edpio de Our\u00e9m formalizou no dia 22 de dezembro, a constitui\u00e7\u00e3o da \u00c1rea Integrada de Gest\u00e3o da Paisagem (AIGP) denominada Serras do Norte de Our\u00e9m. Esta AIGP integra o lote restrito das primeiras 70 a serem constitu\u00eddas no pa\u00eds e foi oficializada numa cerim\u00f3nia que decorreu na Sert\u00e3 e que contou com a presen\u00e7a do presidente da C\u00e2mara Municipal de Our\u00e9m, Lu\u00eds Miguel Albuquerque, e do ministro do Ambiente e da A\u00e7\u00e3o Clim\u00e1tica, Jo\u00e3o Pedro Matos Fernandes.<\/p>\n<p>A AIGP das Serras do Norte de Our\u00e9m tem como principal objetivo \u201cdiminuir a vulnerabilidade aos inc\u00eandios e criar condi\u00e7\u00f5es para o desenvolvimento socioecon\u00f3mico e para a sustentabilidade deste territ\u00f3rio, num quadro de governan\u00e7a e envolvimento local\u201d. A\u00e7\u00f5es como limpeza da floresta, reordenamento da mancha florestal e atualiza\u00e7\u00e3o do cadastro do territ\u00f3rio s\u00e3o alguns dos princ\u00edpios que definem a cria\u00e7\u00e3o desta AIGP no concelho de Our\u00e9m, favorecendo a ocorr\u00eancia de menos inc\u00eandios e de menores dimens\u00f5es.<\/p>\n<p>As AIGP fazem parte das prioridades definidas no Plano de Recupera\u00e7\u00e3o e Resili\u00eancia (PRR), encontrando-se reservados cerca de 220 milh\u00f5es de euros para o efeito. A AIGP das Serras do Norte de Our\u00e9m integra \u00e1reas das freguesias de Espite, Urqueira e da Uni\u00e3o de Freguesias de Rio de Couros e Casal dos Bernardos, num total de sensivelmente 4.192 hectares.<\/p>\n<div id=\"attachment_12369\" style=\"width: 510px\" class=\"wp-caption alignleft\"><img loading=\"lazy\" decoding=\"async\" aria-describedby=\"caption-attachment-12369\" class=\"wp-image-12369 size-full\" src=\"https:\/\/tintafresca.net\/wp-content\/uploads\/2021\/12\/Ourem_Serras20.jpg\" alt=\"\" width=\"500\" height=\"331\" \/><p id=\"caption-attachment-12369\" class=\"wp-caption-text\">Ministro Jo\u00e3o Pedro Matos Fernandes<\/p><\/div>\n<p>Com a celebra\u00e7\u00e3o do contrato programa no dia de ontem, est\u00e3o criadas condi\u00e7\u00f5es para a constitui\u00e7\u00e3o da entidade gestora da Opera\u00e7\u00e3o Integrada de Gest\u00e3o da Paisagem (OIGP), entidade que vai definir a linha de atua\u00e7\u00e3o na limpeza e reordenamento da floresta e concretizar as necess\u00e1rias candidaturas a fundos comunit\u00e1rios. Esta entidade gestora dever\u00e1 ser criada no prazo de seis meses para in\u00edcio da elabora\u00e7\u00e3o da Opera\u00e7\u00e3o Integrada de Gest\u00e3o da Paisagem, an\u00e1lise que dever\u00e1 ser apresentada num prazo de 24 meses, com um prazo de execu\u00e7\u00e3o previsto de 25 anos.<\/p>\n<p><strong>\u00a0 \u00a0Fonte: GC|CMO<\/strong><\/p>\n","protected":false},"excerpt":{"rendered":"<p>O Munic\u00edpio de Our\u00e9m formalizou no dia 22 de dezembro, a constitui\u00e7\u00e3o da \u00c1rea Integrada de Gest\u00e3o da Paisagem (AIGP) denominada Serras do Norte de Our\u00e9m. Esta AIGP integra o lote restrito das primeiras 70 a serem constitu\u00eddas no pa\u00eds e foi oficializada numa cerim\u00f3nia que decorreu na Sert\u00e3 e que contou com a presen\u00e7a [&hellip;]<\/p>\n","protected":false},"author":2,"featured_media":12371,"comment_status":"open","ping_status":"open","sticky":false,"template":"","format":"standard","meta":{"footnotes":""},"categories":[9],"tags":[],"class_list":["post-12366","post","type-post","status-publish","format-standard","has-post-thumbnail","hentry","category-ambiente"],"_links":{"self":[{"href":"https:\/\/tintafresca.net\/index.php\/wp-json\/wp\/v2\/posts\/12366","targetHints":{"allow":["GET"]}}],"collection":[{"href":"https:\/\/tintafresca.net\/index.php\/wp-json\/wp\/v2\/posts"}],"about":[{"href":"https:\/\/tintafresca.net\/index.php\/wp-json\/wp\/v2\/types\/post"}],"author":[{"embeddable":true,"href":"https:\/\/tintafresca.net\/index.php\/wp-json\/wp\/v2\/users\/2"}],"replies":[{"embeddable":true,"href":"https:\/\/tintafresca.net\/index.php\/wp-json\/wp\/v2\/comments?post=12366"}],"version-history":[{"count":3,"href":"https:\/\/tintafresca.net\/index.php\/wp-json\/wp\/v2\/posts\/12366\/revisions"}],"predecessor-version":[{"id":12372,"href":"https:\/\/tintafresca.net\/index.php\/wp-json\/wp\/v2\/posts\/12366\/revisions\/12372"}],"wp:featuredmedia":[{"embeddable":true,"href":"https:\/\/tintafresca.net\/index.php\/wp-json\/wp\/v2\/media\/12371"}],"wp:attachment":[{"href":"https:\/\/tintafresca.net\/index.php\/wp-json\/wp\/v2\/media?parent=12366"}],"wp:term":[{"taxonomy":"category","embeddable":true,"href":"https:\/\/tintafresca.net\/index.php\/wp-json\/wp\/v2\/categories?post=12366"},{"taxonomy":"post_tag","embeddable":true,"href":"https:\/\/tintafresca.net\/index.php\/wp-json\/wp\/v2\/tags?post=12366"}],"curies":[{"name":"wp","href":"https:\/\/api.w.org\/{rel}","templated":true}]}}