{"id":12373,"date":"2021-12-29T19:12:02","date_gmt":"2021-12-29T19:12:02","guid":{"rendered":"https:\/\/tintafresca.net\/?p=12373"},"modified":"2021-12-29T19:20:13","modified_gmt":"2021-12-29T19:20:13","slug":"hospitais-da-regiao-centro-tem-235-internados-com-covid-19","status":"publish","type":"post","link":"https:\/\/tintafresca.net\/index.php\/2021\/12\/29\/hospitais-da-regiao-centro-tem-235-internados-com-covid-19\/","title":{"rendered":"Hospitais da Regi\u00e3o Centro t\u00eam 235 internados com COVID-19"},"content":{"rendered":"<div id=\"attachment_12375\" style=\"width: 510px\" class=\"wp-caption alignleft\"><img loading=\"lazy\" decoding=\"async\" aria-describedby=\"caption-attachment-12375\" class=\"wp-image-12375 size-full\" src=\"https:\/\/tintafresca.net\/wp-content\/uploads\/2021\/12\/Tomar_Hospital20.jpg\" alt=\"\" width=\"500\" height=\"375\" \/><p id=\"caption-attachment-12375\" class=\"wp-caption-text\">Hospital de Tomar<\/p><\/div>\n<p>A Administra\u00e7\u00e3o Regional de Sa\u00fade do Centro atualizou os dados da regi\u00e3o relativos \u00e0 pandemia de COVID-19. O ponto de situa\u00e7\u00e3o dos internamentos Covid-19 com dados atualizados de todos os hospitais da Regi\u00e3o, contabilizados \u00e0s 24 horas de 27 de Dezembro, regista 235 internados com covid-19 (-7), &#8211; 199 internados em enfermaria (-7), 36 internados em UCI (=) dos quais 25 ventilados (=), 21 altas de enfermaria Covid e 1 alta de UCI Covid e 5 \u00f3bitos por Covid-19 em meio hospitalar.<\/p>\n<p>As taxas de ocupa\u00e7\u00e3o nas enfermarias Covid e UCI Covid nos hospitais da regi\u00e3o s\u00e3o de 64% e 72% respetivamente, sendo que ser\u00e3o abertas e\/ou fechadas novas camas dependendo do evoluir da situa\u00e7\u00e3o epidemiol\u00f3gica.<\/p>\n<p>O setor Social e Privado convencionado tem internados 12 doentes n\u00e3o Covid-19.<\/p>\n<p><strong> \u00a0 \u00a0Fonte: ARS|Centro<\/strong><\/p>\n","protected":false},"excerpt":{"rendered":"<p>A Administra\u00e7\u00e3o Regional de Sa\u00fade do Centro atualizou os dados da regi\u00e3o relativos \u00e0 pandemia de COVID-19. O ponto de situa\u00e7\u00e3o dos internamentos Covid-19 com dados atualizados de todos os hospitais da Regi\u00e3o, contabilizados \u00e0s 24 horas de 27 de Dezembro, regista 235 internados com covid-19 (-7), &#8211; 199 internados em enfermaria (-7), 36 internados [&hellip;]<\/p>\n","protected":false},"author":2,"featured_media":12376,"comment_status":"open","ping_status":"open","sticky":false,"template":"","format":"standard","meta":{"footnotes":""},"categories":[6],"tags":[],"class_list":["post-12373","post","type-post","status-publish","format-standard","has-post-thumbnail","hentry","category-saude"],"_links":{"self":[{"href":"https:\/\/tintafresca.net\/index.php\/wp-json\/wp\/v2\/posts\/12373","targetHints":{"allow":["GET"]}}],"collection":[{"href":"https:\/\/tintafresca.net\/index.php\/wp-json\/wp\/v2\/posts"}],"about":[{"href":"https:\/\/tintafresca.net\/index.php\/wp-json\/wp\/v2\/types\/post"}],"author":[{"embeddable":true,"href":"https:\/\/tintafresca.net\/index.php\/wp-json\/wp\/v2\/users\/2"}],"replies":[{"embeddable":true,"href":"https:\/\/tintafresca.net\/index.php\/wp-json\/wp\/v2\/comments?post=12373"}],"version-history":[{"count":3,"href":"https:\/\/tintafresca.net\/index.php\/wp-json\/wp\/v2\/posts\/12373\/revisions"}],"predecessor-version":[{"id":12378,"href":"https:\/\/tintafresca.net\/index.php\/wp-json\/wp\/v2\/posts\/12373\/revisions\/12378"}],"wp:featuredmedia":[{"embeddable":true,"href":"https:\/\/tintafresca.net\/index.php\/wp-json\/wp\/v2\/media\/12376"}],"wp:attachment":[{"href":"https:\/\/tintafresca.net\/index.php\/wp-json\/wp\/v2\/media?parent=12373"}],"wp:term":[{"taxonomy":"category","embeddable":true,"href":"https:\/\/tintafresca.net\/index.php\/wp-json\/wp\/v2\/categories?post=12373"},{"taxonomy":"post_tag","embeddable":true,"href":"https:\/\/tintafresca.net\/index.php\/wp-json\/wp\/v2\/tags?post=12373"}],"curies":[{"name":"wp","href":"https:\/\/api.w.org\/{rel}","templated":true}]}}