{"id":12453,"date":"2022-01-01T15:07:25","date_gmt":"2022-01-01T15:07:25","guid":{"rendered":"https:\/\/tintafresca.net\/?p=12453"},"modified":"2022-01-01T15:17:50","modified_gmt":"2022-01-01T15:17:50","slug":"centro-de-vacinacao-covid-19-das-caldas-da-rainha-arranca-este-domingo-na-associacao-arneirense","status":"publish","type":"post","link":"https:\/\/tintafresca.net\/index.php\/2022\/01\/01\/centro-de-vacinacao-covid-19-das-caldas-da-rainha-arranca-este-domingo-na-associacao-arneirense\/","title":{"rendered":"Centro de vacina\u00e7\u00e3o COVID-19 das Caldas da Rainha arranca este domingo na Associa\u00e7\u00e3o Arneirense"},"content":{"rendered":"<div id=\"attachment_12456\" style=\"width: 510px\" class=\"wp-caption alignleft\"><img loading=\"lazy\" decoding=\"async\" aria-describedby=\"caption-attachment-12456\" class=\"wp-image-12456\" src=\"https:\/\/tintafresca.net\/wp-content\/uploads\/2022\/01\/Testes_COVID.png\" alt=\"\" width=\"500\" height=\"167\" \/><p id=\"caption-attachment-12456\" class=\"wp-caption-text\">Cartaz<\/p><\/div>\n<p>Este domingo, dia 2 de janeiro, come\u00e7a a funcionar o centro de vacina\u00e7\u00e3o Covid-19 na Associa\u00e7\u00e3o Arneirense, na Rua Casal dos Barreiros. O presidente da C\u00e2mara Municipal das Caldas da Rainha, V\u00edtor Marques, e a diretora do Agrupamento de Centros de Sa\u00fade Oeste Norte, Ana Pisco, ir\u00e3o acompanhar as primeiras horas do dia no novo\u00a0 local de vacina\u00e7\u00e3o. Os respons\u00e1veis pelas duas institui\u00e7\u00f5es parceiras neste esfor\u00e7o para vacinar as popula\u00e7\u00f5es estar\u00e3o no Arneirense, a partir das 9 horas.<\/p>\n","protected":false},"excerpt":{"rendered":"<p>Este domingo, dia 2 de janeiro, come\u00e7a a funcionar o centro de vacina\u00e7\u00e3o Covid-19 na Associa\u00e7\u00e3o Arneirense, na Rua Casal dos Barreiros. O presidente da C\u00e2mara Municipal das Caldas da Rainha, V\u00edtor Marques, e a diretora do Agrupamento de Centros de Sa\u00fade Oeste Norte, Ana Pisco, ir\u00e3o acompanhar as primeiras horas do dia no novo\u00a0 [&hellip;]<\/p>\n","protected":false},"author":2,"featured_media":12457,"comment_status":"open","ping_status":"open","sticky":false,"template":"","format":"standard","meta":{"footnotes":""},"categories":[6],"tags":[],"class_list":["post-12453","post","type-post","status-publish","format-standard","has-post-thumbnail","hentry","category-saude"],"_links":{"self":[{"href":"https:\/\/tintafresca.net\/index.php\/wp-json\/wp\/v2\/posts\/12453","targetHints":{"allow":["GET"]}}],"collection":[{"href":"https:\/\/tintafresca.net\/index.php\/wp-json\/wp\/v2\/posts"}],"about":[{"href":"https:\/\/tintafresca.net\/index.php\/wp-json\/wp\/v2\/types\/post"}],"author":[{"embeddable":true,"href":"https:\/\/tintafresca.net\/index.php\/wp-json\/wp\/v2\/users\/2"}],"replies":[{"embeddable":true,"href":"https:\/\/tintafresca.net\/index.php\/wp-json\/wp\/v2\/comments?post=12453"}],"version-history":[{"count":3,"href":"https:\/\/tintafresca.net\/index.php\/wp-json\/wp\/v2\/posts\/12453\/revisions"}],"predecessor-version":[{"id":12458,"href":"https:\/\/tintafresca.net\/index.php\/wp-json\/wp\/v2\/posts\/12453\/revisions\/12458"}],"wp:featuredmedia":[{"embeddable":true,"href":"https:\/\/tintafresca.net\/index.php\/wp-json\/wp\/v2\/media\/12457"}],"wp:attachment":[{"href":"https:\/\/tintafresca.net\/index.php\/wp-json\/wp\/v2\/media?parent=12453"}],"wp:term":[{"taxonomy":"category","embeddable":true,"href":"https:\/\/tintafresca.net\/index.php\/wp-json\/wp\/v2\/categories?post=12453"},{"taxonomy":"post_tag","embeddable":true,"href":"https:\/\/tintafresca.net\/index.php\/wp-json\/wp\/v2\/tags?post=12453"}],"curies":[{"name":"wp","href":"https:\/\/api.w.org\/{rel}","templated":true}]}}