{"id":12527,"date":"2022-01-03T20:29:42","date_gmt":"2022-01-03T20:29:42","guid":{"rendered":"https:\/\/tintafresca.net\/?p=12527"},"modified":"2022-01-03T20:29:42","modified_gmt":"2022-01-03T20:29:42","slug":"riomaiorense-aurora-e-bebe-do-ano-de-2022-do-centro-hospitalar-do-oeste","status":"publish","type":"post","link":"https:\/\/tintafresca.net\/index.php\/2022\/01\/03\/riomaiorense-aurora-e-bebe-do-ano-de-2022-do-centro-hospitalar-do-oeste\/","title":{"rendered":"Riomaiorense Aurora \u00e9 Beb\u00e9 do Ano de 2022 do Centro Hospitalar do Oeste"},"content":{"rendered":"<div id=\"attachment_12529\" style=\"width: 510px\" class=\"wp-caption alignleft\"><img loading=\"lazy\" decoding=\"async\" aria-describedby=\"caption-attachment-12529\" class=\"wp-image-12529 size-full\" src=\"https:\/\/tintafresca.net\/wp-content\/uploads\/2022\/01\/bebe-2022-CHOeste10.jpg\" alt=\"\" width=\"500\" height=\"375\" \/><p id=\"caption-attachment-12529\" class=\"wp-caption-text\">Aurora<\/p><\/div>\n<p>Chama-se Aurora, e \u00e9 a beb\u00e9 do Ano de 2022 do Centro Hospitalar do Oeste. Nasceu \u00e0s 19h43m de 2 de janeiro, de parto normal, com 3,555 kg na maternidade localizada na Unidade de Caldas da Rainha. \u00c9 a primeira filha do jovem casal residente no concelho de Rio Maior, e encontra-se de perfeita sa\u00fade. Em 2021 nasceram 1.273 crian\u00e7as no Centro Hospitalar do Oeste.<\/p>\n<p>O Conselho de Administra\u00e7\u00e3o do Centro Hospitalar do Oeste deseja as maiores felicidades \u00e0 fam\u00edlia da beb\u00e9 Aurora, bem como a todas as fam\u00edlias de rec\u00e9m-nascidos neste Novo Ano de 2022.<\/p>\n<p>O Centro Hospitalar do Oeste integra os hospitais de Caldas da Rainha, Torres Vedras e Peniche, tendo uma \u00e1rea de influ\u00eancia constitu\u00edda pelas popula\u00e7\u00f5es dos concelhos de Caldas da Rainha, \u00d3bidos, Peniche, Bombarral, Torres Vedras, Cadaval e Lourinh\u00e3 e de parte dos concelhos de Alcoba\u00e7a e de Mafra.<\/p>\n<p><strong>\u00a0 \u00a0 \u00a0Fonte: GC|CHO<\/strong><\/p>\n","protected":false},"excerpt":{"rendered":"<p>Chama-se Aurora, e \u00e9 a beb\u00e9 do Ano de 2022 do Centro Hospitalar do Oeste. Nasceu \u00e0s 19h43m de 2 de janeiro, de parto normal, com 3,555 kg na maternidade localizada na Unidade de Caldas da Rainha. \u00c9 a primeira filha do jovem casal residente no concelho de Rio Maior, e encontra-se de perfeita sa\u00fade. [&hellip;]<\/p>\n","protected":false},"author":2,"featured_media":12530,"comment_status":"open","ping_status":"open","sticky":false,"template":"","format":"standard","meta":{"footnotes":""},"categories":[6],"tags":[],"class_list":["post-12527","post","type-post","status-publish","format-standard","has-post-thumbnail","hentry","category-saude"],"_links":{"self":[{"href":"https:\/\/tintafresca.net\/index.php\/wp-json\/wp\/v2\/posts\/12527","targetHints":{"allow":["GET"]}}],"collection":[{"href":"https:\/\/tintafresca.net\/index.php\/wp-json\/wp\/v2\/posts"}],"about":[{"href":"https:\/\/tintafresca.net\/index.php\/wp-json\/wp\/v2\/types\/post"}],"author":[{"embeddable":true,"href":"https:\/\/tintafresca.net\/index.php\/wp-json\/wp\/v2\/users\/2"}],"replies":[{"embeddable":true,"href":"https:\/\/tintafresca.net\/index.php\/wp-json\/wp\/v2\/comments?post=12527"}],"version-history":[{"count":2,"href":"https:\/\/tintafresca.net\/index.php\/wp-json\/wp\/v2\/posts\/12527\/revisions"}],"predecessor-version":[{"id":12531,"href":"https:\/\/tintafresca.net\/index.php\/wp-json\/wp\/v2\/posts\/12527\/revisions\/12531"}],"wp:featuredmedia":[{"embeddable":true,"href":"https:\/\/tintafresca.net\/index.php\/wp-json\/wp\/v2\/media\/12530"}],"wp:attachment":[{"href":"https:\/\/tintafresca.net\/index.php\/wp-json\/wp\/v2\/media?parent=12527"}],"wp:term":[{"taxonomy":"category","embeddable":true,"href":"https:\/\/tintafresca.net\/index.php\/wp-json\/wp\/v2\/categories?post=12527"},{"taxonomy":"post_tag","embeddable":true,"href":"https:\/\/tintafresca.net\/index.php\/wp-json\/wp\/v2\/tags?post=12527"}],"curies":[{"name":"wp","href":"https:\/\/api.w.org\/{rel}","templated":true}]}}