{"id":12548,"date":"2022-01-04T22:13:03","date_gmt":"2022-01-04T22:13:03","guid":{"rendered":"https:\/\/tintafresca.net\/?p=12548"},"modified":"2022-01-04T22:16:18","modified_gmt":"2022-01-04T22:16:18","slug":"associacao-portuguesa-para-o-estudo-do-figado-lanca-desafio-janeiro-sem-alcool","status":"publish","type":"post","link":"https:\/\/tintafresca.net\/index.php\/2022\/01\/04\/associacao-portuguesa-para-o-estudo-do-figado-lanca-desafio-janeiro-sem-alcool\/","title":{"rendered":"Associa\u00e7\u00e3o Portuguesa para o Estudo do F\u00edgado lan\u00e7a desafio \u201cJaneiro Sem \u00c1lcool\u201d"},"content":{"rendered":"<div id=\"attachment_12551\" style=\"width: 410px\" class=\"wp-caption alignleft\"><img loading=\"lazy\" decoding=\"async\" aria-describedby=\"caption-attachment-12551\" class=\"wp-image-12551\" src=\"https:\/\/tintafresca.net\/wp-content\/uploads\/2022\/01\/APEF_31_Dias_Sem_Alcool10.jpg\" alt=\"\" width=\"400\" height=\"358\" \/><p id=\"caption-attachment-12551\" class=\"wp-caption-text\">Cartaz<\/p><\/div>\n<p>A Associa\u00e7\u00e3o Portuguesa para o Estudo do F\u00edgado (APEF) vai promover uma a\u00e7\u00e3o nacional de consciencializa\u00e7\u00e3o para a doen\u00e7a hep\u00e1tica alco\u00f3lica, uma consequ\u00eancia que adv\u00e9m do elevado consumo de \u00e1lcool. A iniciativa sob o mote \u201c31 Dias Sem \u00c1lcool\u201d\u00a0 surge no \u00e2mbito do desafio \u201cJaneiro Sem \u00c1lcool\u201d, e decorrer\u00e1 no primeiro m\u00eas do ano, nas redes sociais da associa\u00e7\u00e3o, com o objetivo de alertar a popula\u00e7\u00e3o para os danos relacionados com o \u00e1lcool.<\/p>\n<p>\u201cCom esta a\u00e7\u00e3o pretendemos ajudar as pessoas a adquirir um estilo de vida mais saud\u00e1vel durante o ano que agora come\u00e7a. \u00c9 importante que a popula\u00e7\u00e3o adulta pense nos seus comportamentos a n\u00edvel social e nas consequ\u00eancias que os mesmos trazem para a sua sa\u00fade; e que alerte os seus jovens para os riscos do consumo de bebidas alco\u00f3licas. A verdade \u00e9 que \u00e9 poss\u00edvel viver sem \u00e1lcool n\u00e3o invalidando que as pessoas n\u00e3o se possam divertir, relaxar ou socializar.\u201d, afirma Jos\u00e9 Presa, presidente da APEF.<\/p>\n<p>E acrescenta: \u201cA ingest\u00e3o excessiva e continuada de \u00e1lcool traz consequ\u00eancias s\u00e9rias em termos de sa\u00fade, nomeadamente para o f\u00edgado, como f\u00edgado gordo, hepatite alco\u00f3lica e cirrose hep\u00e1tica; ou consequ\u00eancias indiretas como as resultantes por exemplo dos acidentes de via\u00e7\u00e3o. Estas situa\u00e7\u00f5es, quando n\u00e3o tratadas ou prevenidas, lesam gravemente a sa\u00fade e podem, at\u00e9, levar \u00e0 morte.\u201d<\/p>\n<p>A iniciativa \u201cJaneiro Sem \u00c1lcool\u201d ocorre em simult\u00e2neo em v\u00e1rios pa\u00edses, desde 2013. Em Portugal \u00e9 a primeira vez que a campanha \u00e9 promovida.<\/p>\n<p>Segundo dados do relat\u00f3rio do Servi\u00e7o de Interven\u00e7\u00e3o nos Comportamentos Aditivos e nas Depend\u00eancias (SICAD), de 2019, que considera indiv\u00edduos a partir dos 15 anos, o consumo de \u00e1lcool por parte dos jovens portugueses \u00e9 elevado, uma vez que, em 2019, 84,5 por cento dos inquiridos, com 18 anos, 70,1 por cento, com 16 anos, e 37 por cento, com 14 anos, afirmou ter ingerido bebidas alco\u00f3licas nos \u00faltimos 12 meses. O estudo demonstra tamb\u00e9m que o consumo de \u00e1lcool \u00e9 mais elevado por parte dos homens, com 19,4 litros de puro \u00e1lcool <em>per capita<\/em> por ano, do que das mulheres, que consomem 5,6 litros.<\/p>\n<p><strong>Sobre a APEF<\/strong><\/p>\n<p>A Associa\u00e7\u00e3o Portuguesa para o Estudo do F\u00edgado (APEF) \u00e9 uma associa\u00e7\u00e3o cient\u00edfica, sem fins lucrativos, que congrega profissionais do setor da sa\u00fade que se interessem pelas doen\u00e7as do f\u00edgado e das vias biliares. Para mais informa\u00e7\u00f5es consulte: <a href=\"https:\/\/apef.com.pt\/\">https:\/\/apef.com.pt\/<\/a>.<\/p>\n","protected":false},"excerpt":{"rendered":"<p>A Associa\u00e7\u00e3o Portuguesa para o Estudo do F\u00edgado (APEF) vai promover uma a\u00e7\u00e3o nacional de consciencializa\u00e7\u00e3o para a doen\u00e7a hep\u00e1tica alco\u00f3lica, uma consequ\u00eancia que adv\u00e9m do elevado consumo de \u00e1lcool. A iniciativa sob o mote \u201c31 Dias Sem \u00c1lcool\u201d\u00a0 surge no \u00e2mbito do desafio \u201cJaneiro Sem \u00c1lcool\u201d, e decorrer\u00e1 no primeiro m\u00eas do ano, nas [&hellip;]<\/p>\n","protected":false},"author":2,"featured_media":12550,"comment_status":"open","ping_status":"open","sticky":false,"template":"","format":"standard","meta":{"footnotes":""},"categories":[6],"tags":[],"class_list":["post-12548","post","type-post","status-publish","format-standard","has-post-thumbnail","hentry","category-saude"],"_links":{"self":[{"href":"https:\/\/tintafresca.net\/index.php\/wp-json\/wp\/v2\/posts\/12548","targetHints":{"allow":["GET"]}}],"collection":[{"href":"https:\/\/tintafresca.net\/index.php\/wp-json\/wp\/v2\/posts"}],"about":[{"href":"https:\/\/tintafresca.net\/index.php\/wp-json\/wp\/v2\/types\/post"}],"author":[{"embeddable":true,"href":"https:\/\/tintafresca.net\/index.php\/wp-json\/wp\/v2\/users\/2"}],"replies":[{"embeddable":true,"href":"https:\/\/tintafresca.net\/index.php\/wp-json\/wp\/v2\/comments?post=12548"}],"version-history":[{"count":2,"href":"https:\/\/tintafresca.net\/index.php\/wp-json\/wp\/v2\/posts\/12548\/revisions"}],"predecessor-version":[{"id":12552,"href":"https:\/\/tintafresca.net\/index.php\/wp-json\/wp\/v2\/posts\/12548\/revisions\/12552"}],"wp:featuredmedia":[{"embeddable":true,"href":"https:\/\/tintafresca.net\/index.php\/wp-json\/wp\/v2\/media\/12550"}],"wp:attachment":[{"href":"https:\/\/tintafresca.net\/index.php\/wp-json\/wp\/v2\/media?parent=12548"}],"wp:term":[{"taxonomy":"category","embeddable":true,"href":"https:\/\/tintafresca.net\/index.php\/wp-json\/wp\/v2\/categories?post=12548"},{"taxonomy":"post_tag","embeddable":true,"href":"https:\/\/tintafresca.net\/index.php\/wp-json\/wp\/v2\/tags?post=12548"}],"curies":[{"name":"wp","href":"https:\/\/api.w.org\/{rel}","templated":true}]}}