{"id":12560,"date":"2022-01-05T15:15:18","date_gmt":"2022-01-05T15:15:18","guid":{"rendered":"https:\/\/tintafresca.net\/?p=12560"},"modified":"2022-01-05T18:55:53","modified_gmt":"2022-01-05T18:55:53","slug":"afluencia-aos-servicos-de-urgencia-do-centro-hospitalar-do-oeste-duplicou-no-inicio-de-janeiro","status":"publish","type":"post","link":"https:\/\/tintafresca.net\/index.php\/2022\/01\/05\/afluencia-aos-servicos-de-urgencia-do-centro-hospitalar-do-oeste-duplicou-no-inicio-de-janeiro\/","title":{"rendered":"Aflu\u00eancia aos Servi\u00e7os de Urg\u00eancia do Centro Hospitalar do Oeste duplicou no in\u00edcio de janeiro"},"content":{"rendered":"<div id=\"attachment_8797\" style=\"width: 510px\" class=\"wp-caption alignleft\"><img loading=\"lazy\" decoding=\"async\" aria-describedby=\"caption-attachment-8797\" class=\"wp-image-8797 size-full\" src=\"https:\/\/tintafresca.net\/wp-content\/uploads\/2021\/09\/Caldas_ADR-SU-da-Unidade-de-Caldas-da-Rainha-do-CHOeste10.jpg\" alt=\"\" width=\"500\" height=\"239\" srcset=\"https:\/\/tintafresca.net\/wp-content\/uploads\/2021\/09\/Caldas_ADR-SU-da-Unidade-de-Caldas-da-Rainha-do-CHOeste10.jpg 500w, https:\/\/tintafresca.net\/wp-content\/uploads\/2021\/09\/Caldas_ADR-SU-da-Unidade-de-Caldas-da-Rainha-do-CHOeste10-300x143.jpg 300w\" sizes=\"auto, (max-width: 500px) 100vw, 500px\" \/><p id=\"caption-attachment-8797\" class=\"wp-caption-text\">Novas instala\u00e7\u00f5es da \u00c1rea de Atendimento Respirat\u00f3rio (ADR-SU) da Unidade de Caldas da Rainha<\/p><\/div>\n<p>O Conselho de Administra\u00e7\u00e3o do Centro Hospitalar do Oste informa que tem havido uma grande aflu\u00eancia de doentes aos Servi\u00e7os de Urg\u00eancia do CHOeste e \u00e0s \u00c1reas de Atendimento Respirat\u00f3rio (ADR-SU), o que tem provocado alguns constrangimentos no atendimento dos doentes que acorrem a estes Servi\u00e7os.<\/p>\n<p>Na segunda-feira, 3 de janeiro, estiveram retidas algumas macas das corpora\u00e7\u00f5es de bombeiros, por motivos de sobrelota\u00e7\u00e3o dos espa\u00e7os e impossibilidade de admiss\u00e3o de novos doentes em condi\u00e7\u00f5es de seguran\u00e7a, no interior do Servi\u00e7o de Urg\u00eancia da Unidade de Caldas da Rainha. Atualmente a situa\u00e7\u00e3o j\u00e1 foi ultrapassada, n\u00e3o existindo macas retidas.<\/p>\n<p>De acordo com os dados de segunda-feira, foram atendidos na Urg\u00eancia Geral da Unidade de Caldas da Rainha 155 doentes, quando no mesmo dia de 2021\u00a0o n\u00famero de atendimentos restringiu-se aos 87. No que respeita ao ADR-SU de Caldas da Rainha, foram ontem atendidos 58 doentes, contra os 14 admitidos no mesmo dia do ano, em\u00a02021.<\/p>\n<p>J\u00e1 na Unidade de Torres Vedras, a situa\u00e7\u00e3o de elevada procura \u00e9 id\u00eantica. Foram admitidos na segunda-feira,\u00a0149 doentes na Urg\u00eancia Geral (no mesmo dia de 2021, foram 109) e 49 no ADR-SU (no mesmo dia de 2021, foram 23).<\/p>\n<p>Importa referir que uma parte dos doentes (35% na Urg\u00eancia Geral e mais de 50% nos ADR-SU) que t\u00eam acorrido a estes Servi\u00e7os, s\u00e3o doentes com prioridade cl\u00ednica verde (pouco urgente) do Protocolo de Triagem de Manchester, que poderiam ter resposta noutros locais. Verifica-se ainda uma procura dos Servi\u00e7os de Urg\u00eancia apenas para a realiza\u00e7\u00e3o de testes COVID, que em nada beneficia a capacidade de resposta para os doentes efetivamente urgentes.<\/p>\n<p>Tendo em conta a elevada aflu\u00eancia aos Servi\u00e7os de Urg\u00eancia, apela-se aos utentes que utilizem as urg\u00eancias hospitalares apenas em situa\u00e7\u00f5es realmente urgentes.<\/p>\n<p>Apela-se ainda \u00e0 responsabilidade individual e coletiva da popula\u00e7\u00e3o no cumprimento das medidas de prote\u00e7\u00e3o contra a COVID-19, como o uso de m\u00e1scara, o distanciamento f\u00edsico, a ventila\u00e7\u00e3o dos espa\u00e7os, a lavagem das m\u00e3os, a testagem e a vacina\u00e7\u00e3o.<\/p>\n<p>O Conselho de Administra\u00e7\u00e3o do Centro Hospitalar do Oeste continuar\u00e1 a adotar as medidas necess\u00e1rias para dar a melhor resposta na presta\u00e7\u00e3o de cuidados de sa\u00fade \u00e0 popula\u00e7\u00e3o da regi\u00e3o Oeste.<\/p>\n<p>O Centro Hospitalar do Oeste integra os hospitais de Caldas da Rainha, Torres Vedras e Peniche, tendo uma \u00e1rea de influ\u00eancia constitu\u00edda pelas popula\u00e7\u00f5es dos concelhos de Caldas da Rainha, \u00d3bidos, Peniche, Bombarral, Torres Vedras, Cadaval e Lourinh\u00e3 e de parte dos concelhos de Alcoba\u00e7a e de Mafra.<\/p>\n<p><strong> \u00a0 Fonte: GC|CHO<\/strong><\/p>\n","protected":false},"excerpt":{"rendered":"<p>O Conselho de Administra\u00e7\u00e3o do Centro Hospitalar do Oste informa que tem havido uma grande aflu\u00eancia de doentes aos Servi\u00e7os de Urg\u00eancia do CHOeste e \u00e0s \u00c1reas de Atendimento Respirat\u00f3rio (ADR-SU), o que tem provocado alguns constrangimentos no atendimento dos doentes que acorrem a estes Servi\u00e7os. Na segunda-feira, 3 de janeiro, estiveram retidas algumas macas [&hellip;]<\/p>\n","protected":false},"author":2,"featured_media":8799,"comment_status":"open","ping_status":"open","sticky":false,"template":"","format":"standard","meta":{"footnotes":""},"categories":[6],"tags":[],"class_list":["post-12560","post","type-post","status-publish","format-standard","has-post-thumbnail","hentry","category-saude"],"_links":{"self":[{"href":"https:\/\/tintafresca.net\/index.php\/wp-json\/wp\/v2\/posts\/12560","targetHints":{"allow":["GET"]}}],"collection":[{"href":"https:\/\/tintafresca.net\/index.php\/wp-json\/wp\/v2\/posts"}],"about":[{"href":"https:\/\/tintafresca.net\/index.php\/wp-json\/wp\/v2\/types\/post"}],"author":[{"embeddable":true,"href":"https:\/\/tintafresca.net\/index.php\/wp-json\/wp\/v2\/users\/2"}],"replies":[{"embeddable":true,"href":"https:\/\/tintafresca.net\/index.php\/wp-json\/wp\/v2\/comments?post=12560"}],"version-history":[{"count":2,"href":"https:\/\/tintafresca.net\/index.php\/wp-json\/wp\/v2\/posts\/12560\/revisions"}],"predecessor-version":[{"id":12562,"href":"https:\/\/tintafresca.net\/index.php\/wp-json\/wp\/v2\/posts\/12560\/revisions\/12562"}],"wp:featuredmedia":[{"embeddable":true,"href":"https:\/\/tintafresca.net\/index.php\/wp-json\/wp\/v2\/media\/8799"}],"wp:attachment":[{"href":"https:\/\/tintafresca.net\/index.php\/wp-json\/wp\/v2\/media?parent=12560"}],"wp:term":[{"taxonomy":"category","embeddable":true,"href":"https:\/\/tintafresca.net\/index.php\/wp-json\/wp\/v2\/categories?post=12560"},{"taxonomy":"post_tag","embeddable":true,"href":"https:\/\/tintafresca.net\/index.php\/wp-json\/wp\/v2\/tags?post=12560"}],"curies":[{"name":"wp","href":"https:\/\/api.w.org\/{rel}","templated":true}]}}