{"id":12563,"date":"2022-01-05T16:28:51","date_gmt":"2022-01-05T16:28:51","guid":{"rendered":"https:\/\/tintafresca.net\/?p=12563"},"modified":"2022-01-05T16:39:20","modified_gmt":"2022-01-05T16:39:20","slug":"centro-de-testagem-a-covid-19-da-nazare-abre-a-10-de-janeiro","status":"publish","type":"post","link":"https:\/\/tintafresca.net\/index.php\/2022\/01\/05\/centro-de-testagem-a-covid-19-da-nazare-abre-a-10-de-janeiro\/","title":{"rendered":"Centro de Testagem \u00e0 COVID-19 da Nazar\u00e9 abre a 10 de janeiro"},"content":{"rendered":"<div id=\"attachment_12565\" style=\"width: 229px\" class=\"wp-caption alignleft\"><img loading=\"lazy\" decoding=\"async\" aria-describedby=\"caption-attachment-12565\" class=\"wp-image-12565 size-full\" src=\"https:\/\/tintafresca.net\/wp-content\/uploads\/2022\/01\/Benedita_Policlinica.png\" alt=\"\" width=\"219\" height=\"291\" \/><p id=\"caption-attachment-12565\" class=\"wp-caption-text\">Policl\u00ednica da Benedita<\/p><\/div>\n<p>O Centro de Testagem \u00e0 COVID-19 da Nazar\u00e9 abrir\u00e1 na segunda-feira, dia 10 de janeiro, na Bonarte, no Parque Atl\u00e2ntico, S\u00edtio da Nazar\u00e9. O servi\u00e7o resulta de uma parceria da C\u00e2mara Municipal com a Policl\u00ednica Benedita &#8211; Grupo H Sa\u00fade.<\/p>\n<p>\u201cA presid\u00eancia da C\u00e2mara, atenta \u00e0 evolu\u00e7\u00e3o da pandemia, \u00e0 situa\u00e7\u00e3o de sa\u00fade p\u00fablica no concelho e \u00e0 economia local, encetou, conversa\u00e7\u00f5es com a ARSLVT com vista \u00e0 instala\u00e7\u00e3o deste Centro de Testagem, entretanto autorizado, que esperamos que venha a ser mais um forte contributo do Munic\u00edpio na r\u00e1pida resposta \u00e0s necessidades da popula\u00e7\u00e3o, que sente, atualmente, dificuldades de acesso aos testes\u201d, explica o presidente da C\u00e2mara da Nazar\u00e9, Walter Chicharro.<\/p>\n<p>Atrav\u00e9s deste acordo, com este prestador de servi\u00e7os de sa\u00fade convencionado com o Minist\u00e9rio da Sa\u00fade, \u201cficam criadas as condi\u00e7\u00f5es necess\u00e1rias para a operacionaliza\u00e7\u00e3o deste Centro, que vem refor\u00e7ar a capacidade de testagem \u00e0 COVID-19, no concelho da Nazar\u00e9\u201d.<\/p>\n<p>O Centro &#8220;\u00e9 uma forma de fortalecer e de dar seguran\u00e7a a toda a comunidade, sendo, igualmente, importante continuarmos e apoiarmos as necessidades locais&#8221;, diz Henrique Henriques, diretor-executivo do Grupo H Sa\u00fade, justifica a abertura do novo Centro de Testagem \u00e0 Covid-19.<\/p>\n<p>O sistema de testagem \u00e0 Covid-19 ser\u00e1 em regime Drive Thru, com \u201cTeste PCR\u201d, por zaragatoa SARS &#8211; COV-2, e Testes R\u00e1pidos Antig\u00e9nio. \u00a0\u201cCom esta \u00faltima op\u00e7\u00e3o ser\u00e1 poss\u00edvel testar os mun\u00edcipes de forma mais r\u00e1pida e simples, uma vez que este teste n\u00e3o requer equipamentos complexos e os resultados estar\u00e3o prontos em cerca de 15\/20 minutos\u201d.<\/p>\n<p>\u201cO Centro, que ter\u00e1 capacidade para realizar 1000 testes semanalmente, destina-se ao com\u00e9rcio, institui\u00e7\u00f5es, mun\u00edcipes e servi\u00e7os do concelho, e ir\u00e1 funcionar numa primeira fase, de segunda a s\u00e1bado, das 8h00 \u00e0s 15h00\u201d, refere o respons\u00e1vel pelo Grupo H Sa\u00fade.<\/p>\n<p>A partir da pr\u00f3xima segunda-feira passar\u00e3o a realizar-se colheitas no Drive Thru da Nazar\u00e9. Aos domingos e feriados, os testes ser\u00e3o realizados na Policl\u00ednica, na Benedita.<\/p>\n<p>As marca\u00e7\u00f5es para os testes dever\u00e3o ser feitas atrav\u00e9s do n\u00famero da Policl\u00ednica Benedita: 262925610 ou atrav\u00e9s do website <a href=\"http:\/\/www.grupoh.pt\">www.grupoh.pt<\/a>.<\/p>\n<p>Fonte: SM|GCI|CMN<\/p>\n","protected":false},"excerpt":{"rendered":"<p>O Centro de Testagem \u00e0 COVID-19 da Nazar\u00e9 abrir\u00e1 na segunda-feira, dia 10 de janeiro, na Bonarte, no Parque Atl\u00e2ntico, S\u00edtio da Nazar\u00e9. O servi\u00e7o resulta de uma parceria da C\u00e2mara Municipal com a Policl\u00ednica Benedita &#8211; Grupo H Sa\u00fade. \u201cA presid\u00eancia da C\u00e2mara, atenta \u00e0 evolu\u00e7\u00e3o da pandemia, \u00e0 situa\u00e7\u00e3o de sa\u00fade p\u00fablica no [&hellip;]<\/p>\n","protected":false},"author":2,"featured_media":12565,"comment_status":"open","ping_status":"open","sticky":false,"template":"","format":"standard","meta":{"footnotes":""},"categories":[6],"tags":[],"class_list":["post-12563","post","type-post","status-publish","format-standard","has-post-thumbnail","hentry","category-saude"],"_links":{"self":[{"href":"https:\/\/tintafresca.net\/index.php\/wp-json\/wp\/v2\/posts\/12563","targetHints":{"allow":["GET"]}}],"collection":[{"href":"https:\/\/tintafresca.net\/index.php\/wp-json\/wp\/v2\/posts"}],"about":[{"href":"https:\/\/tintafresca.net\/index.php\/wp-json\/wp\/v2\/types\/post"}],"author":[{"embeddable":true,"href":"https:\/\/tintafresca.net\/index.php\/wp-json\/wp\/v2\/users\/2"}],"replies":[{"embeddable":true,"href":"https:\/\/tintafresca.net\/index.php\/wp-json\/wp\/v2\/comments?post=12563"}],"version-history":[{"count":2,"href":"https:\/\/tintafresca.net\/index.php\/wp-json\/wp\/v2\/posts\/12563\/revisions"}],"predecessor-version":[{"id":12566,"href":"https:\/\/tintafresca.net\/index.php\/wp-json\/wp\/v2\/posts\/12563\/revisions\/12566"}],"wp:featuredmedia":[{"embeddable":true,"href":"https:\/\/tintafresca.net\/index.php\/wp-json\/wp\/v2\/media\/12565"}],"wp:attachment":[{"href":"https:\/\/tintafresca.net\/index.php\/wp-json\/wp\/v2\/media?parent=12563"}],"wp:term":[{"taxonomy":"category","embeddable":true,"href":"https:\/\/tintafresca.net\/index.php\/wp-json\/wp\/v2\/categories?post=12563"},{"taxonomy":"post_tag","embeddable":true,"href":"https:\/\/tintafresca.net\/index.php\/wp-json\/wp\/v2\/tags?post=12563"}],"curies":[{"name":"wp","href":"https:\/\/api.w.org\/{rel}","templated":true}]}}