{"id":12603,"date":"2022-01-07T16:05:26","date_gmt":"2022-01-07T16:05:26","guid":{"rendered":"https:\/\/tintafresca.net\/?p=12603"},"modified":"2022-01-07T16:32:12","modified_gmt":"2022-01-07T16:32:12","slug":"centro-hospitalar-do-oeste-recebe-68-novos-medicos-que-escolheram-a-instituicao-para-o-internato","status":"publish","type":"post","link":"https:\/\/tintafresca.net\/index.php\/2022\/01\/07\/centro-hospitalar-do-oeste-recebe-68-novos-medicos-que-escolheram-a-instituicao-para-o-internato\/","title":{"rendered":"Centro Hospitalar do Oeste recebe 68 novos m\u00e9dicos que escolheram a institui\u00e7\u00e3o para o Internato"},"content":{"rendered":"<div id=\"attachment_12606\" style=\"width: 510px\" class=\"wp-caption alignleft\"><img loading=\"lazy\" decoding=\"async\" aria-describedby=\"caption-attachment-12606\" class=\"wp-image-12606 size-full\" src=\"https:\/\/tintafresca.net\/wp-content\/uploads\/2022\/01\/CHO_Internos-Formacao-Especializada2022_10.jpg\" alt=\"\" width=\"500\" height=\"287\" \/><p id=\"caption-attachment-12606\" class=\"wp-caption-text\">Sess\u00e3o de acolhimento presencial aos 10 m\u00e9dicos de Forma\u00e7\u00e3o Especializada<\/p><\/div>\n<p>Na segunda-feira, 3 de janeiro, o Centro Hospitalar do Oeste acolheu um total de 68 m\u00e9dicos internos, 58 da Forma\u00e7\u00e3o Geral e 10 da Forma\u00e7\u00e3o Especializada, que elegeram as Unidades de Caldas da Rainha e de Torres Vedras para completarem o seu processo de forma\u00e7\u00e3o m\u00e9dica.<\/p>\n<p>Durante a manh\u00e3, decorreu uma sess\u00e3o de acolhimento presencial aos 10 m\u00e9dicos de Forma\u00e7\u00e3o Especializada, distribu\u00eddos pelas especialidades de Cirurgia Geral (2), Ginecologia\/Obstetr\u00edcia (1), Medicina Interna (3), Ortopedia (1), Pediatria (2) e Pneumologia (1). Esta sess\u00e3o foi conduzida pela diretora do Internato M\u00e9dico, Dra. Sara Santos, e contou com a presen\u00e7a da presidente do Conselho de Administra\u00e7\u00e3o do CHOeste, Dra. Elsa Bai\u00e3o, que deixou uma mensagem de boas-vindas.<\/p>\n<p>Devido \u00e0 atual situa\u00e7\u00e3o pand\u00e9mica, a cerim\u00f3nia de acolhimento dos restantes 58 internos da Forma\u00e7\u00e3o Geral decorreu em formato online.<\/p>\n<div id=\"attachment_12607\" style=\"width: 510px\" class=\"wp-caption alignleft\"><img loading=\"lazy\" decoding=\"async\" aria-describedby=\"caption-attachment-12607\" class=\"wp-image-12607 size-full\" src=\"https:\/\/tintafresca.net\/wp-content\/uploads\/2022\/01\/CHO_Internos-Formacao-Geral2022_20.jpg\" alt=\"\" width=\"500\" height=\"297\" \/><p id=\"caption-attachment-12607\" class=\"wp-caption-text\">Cerim\u00f3nia de acolhimento dos restantes 58 internos da Forma\u00e7\u00e3o Geral decorreu em formato online<\/p><\/div>\n<p>O Conselho de Administra\u00e7\u00e3o do Centro Hospitalar do Oeste deseja as maiores felicidades pessoais e profissionais aos 68 novos m\u00e9dicos nesta nova etapa formativa, e conta com o contributo de todos no crescimento e moderniza\u00e7\u00e3o da Institui\u00e7\u00e3o, assim como na valoriza\u00e7\u00e3o da vertente humana no cuidado aos doentes.<\/p>\n<p>O Internato M\u00e9dico realiza-se ap\u00f3s a licenciatura\/mestrado integrado em Medicina e corresponde a um processo de forma\u00e7\u00e3o m\u00e9dica especializada, te\u00f3rica e pr\u00e1tica, que tem como objetivo habilitar o m\u00e9dico ao exerc\u00edcio tecnicamente diferenciado na respetiva \u00e1rea de especializa\u00e7\u00e3o. No primeiro ano, designado por Forma\u00e7\u00e3o Geral, os m\u00e9dicos passam durante nove meses pelos Servi\u00e7os hospitalares de Medicina Interna, Pediatria e Cirurgia Geral. Os restantes tr\u00eas meses s\u00e3o dedicados \u00e0 especialidade de Medicina Geral e Familiar e \u00e0 Sa\u00fade P\u00fablica, nos Centros de Sa\u00fade do ACES Oeste Norte e ACES Oeste Sul. No que respeita \u00e0 Forma\u00e7\u00e3o Especializada, pode ter a dura\u00e7\u00e3o de 4 a 6 anos, dependo da \u00e1rea de especialidade.<\/p>\n<p>O Centro Hospitalar do Oeste integra os hospitais de Caldas da Rainha, Torres Vedras e Peniche, tendo uma \u00e1rea de influ\u00eancia constitu\u00edda pelas popula\u00e7\u00f5es dos concelhos de Caldas da Rainha, \u00d3bidos, Peniche, Bombarral, Torres Vedras, Cadaval e Lourinh\u00e3 e de parte dos concelhos de Alcoba\u00e7a e de Mafra.<\/p>\n<p><strong>\u00a0 \u00a0 \u00a0Fonte: GC|CHO<\/strong><\/p>\n","protected":false},"excerpt":{"rendered":"<p>Na segunda-feira, 3 de janeiro, o Centro Hospitalar do Oeste acolheu um total de 68 m\u00e9dicos internos, 58 da Forma\u00e7\u00e3o Geral e 10 da Forma\u00e7\u00e3o Especializada, que elegeram as Unidades de Caldas da Rainha e de Torres Vedras para completarem o seu processo de forma\u00e7\u00e3o m\u00e9dica. Durante a manh\u00e3, decorreu uma sess\u00e3o de acolhimento presencial [&hellip;]<\/p>\n","protected":false},"author":2,"featured_media":12608,"comment_status":"open","ping_status":"open","sticky":false,"template":"","format":"standard","meta":{"footnotes":""},"categories":[6],"tags":[],"class_list":["post-12603","post","type-post","status-publish","format-standard","has-post-thumbnail","hentry","category-saude"],"_links":{"self":[{"href":"https:\/\/tintafresca.net\/index.php\/wp-json\/wp\/v2\/posts\/12603","targetHints":{"allow":["GET"]}}],"collection":[{"href":"https:\/\/tintafresca.net\/index.php\/wp-json\/wp\/v2\/posts"}],"about":[{"href":"https:\/\/tintafresca.net\/index.php\/wp-json\/wp\/v2\/types\/post"}],"author":[{"embeddable":true,"href":"https:\/\/tintafresca.net\/index.php\/wp-json\/wp\/v2\/users\/2"}],"replies":[{"embeddable":true,"href":"https:\/\/tintafresca.net\/index.php\/wp-json\/wp\/v2\/comments?post=12603"}],"version-history":[{"count":4,"href":"https:\/\/tintafresca.net\/index.php\/wp-json\/wp\/v2\/posts\/12603\/revisions"}],"predecessor-version":[{"id":12616,"href":"https:\/\/tintafresca.net\/index.php\/wp-json\/wp\/v2\/posts\/12603\/revisions\/12616"}],"wp:featuredmedia":[{"embeddable":true,"href":"https:\/\/tintafresca.net\/index.php\/wp-json\/wp\/v2\/media\/12608"}],"wp:attachment":[{"href":"https:\/\/tintafresca.net\/index.php\/wp-json\/wp\/v2\/media?parent=12603"}],"wp:term":[{"taxonomy":"category","embeddable":true,"href":"https:\/\/tintafresca.net\/index.php\/wp-json\/wp\/v2\/categories?post=12603"},{"taxonomy":"post_tag","embeddable":true,"href":"https:\/\/tintafresca.net\/index.php\/wp-json\/wp\/v2\/tags?post=12603"}],"curies":[{"name":"wp","href":"https:\/\/api.w.org\/{rel}","templated":true}]}}