{"id":12770,"date":"2022-01-12T21:06:57","date_gmt":"2022-01-12T21:06:57","guid":{"rendered":"https:\/\/tintafresca.net\/?p=12770"},"modified":"2022-01-12T21:09:01","modified_gmt":"2022-01-12T21:09:01","slug":"atual-centro-de-vacinacao-esta-sediado-no-pavilhao-desportivo","status":"publish","type":"post","link":"https:\/\/tintafresca.net\/index.php\/2022\/01\/12\/atual-centro-de-vacinacao-esta-sediado-no-pavilhao-desportivo\/","title":{"rendered":"Novo Centro de Vacina\u00e7\u00e3o abre no Mercado Municipal de Alcoba\u00e7a no dia 14 de janeiro"},"content":{"rendered":"<div id=\"attachment_12771\" style=\"width: 490px\" class=\"wp-caption alignleft\"><img loading=\"lazy\" decoding=\"async\" aria-describedby=\"caption-attachment-12771\" class=\"wp-image-12771 size-full\" src=\"https:\/\/tintafresca.net\/wp-content\/uploads\/2022\/01\/Alcobaca_Centro_Vacinacao.jpg\" alt=\"\" width=\"480\" height=\"320\" \/><p id=\"caption-attachment-12771\" class=\"wp-caption-text\">Novo Centro de Vacina\u00e7\u00e3o j\u00e1 foi adaptado \u00e0 fun\u00e7\u00e3o<\/p><\/div>\n<p>No dia 14 de janeiro, sexta-feira, entrar\u00e1 em funcionamento o novo Centro de Vacina\u00e7\u00e3o do concelho de Alcoba\u00e7a, instalado no Mercado Municipal.<\/p>\n<p>Segundo a C\u00e2mara Municipal de Alcoba\u00e7a, \u201ceste novo espa\u00e7o dar\u00e1 uma resposta mais eficaz \u00e0s exig\u00eancias deste projeto. Efetivamente, o espa\u00e7o atual, escolhido e gerido pelo ACES Oeste-Norte, tem-se revelado insuficiente para as atuais exig\u00eancias do processo de vacina\u00e7\u00e3o. Como tal, a C\u00e2mara prop\u00f4s ao ACES Oeste-Norte o Mercado Municipal, um espa\u00e7o que re\u00fane todas as condi\u00e7\u00f5es necess\u00e1rias para que o processo de vacina\u00e7\u00e3o no concelho de Alcoba\u00e7a decorra sem sobressaltos, contribuindo para a mitiga\u00e7\u00e3o da pandemia da Covid-19.\u201d<\/p>\n<p>Recorde-se que o atual Centro de Vacina\u00e7\u00e3o est\u00e1 sediado no Pavilh\u00e3o Desportivo junto \u00e0s Piscinas Municipais e \u00e0 Escola B\u00e1sica 2,3 Frei Est\u00eav\u00e3o Martins. .<\/p>\n<p>Saiba mais no site <a href=\"https:\/\/www.cm-alcobaca.pt\/pt\/noticias\/27724\/novo-centro-de-vacinacao-no-mercado-municipal-abre-a-14-de-janeiro.aspx\">municipal<\/a><\/p>\n<p><strong>\u00a0 \u00a0 Fonte: GRPP|CMA<\/strong><\/p>\n","protected":false},"excerpt":{"rendered":"<p>No dia 14 de janeiro, sexta-feira, entrar\u00e1 em funcionamento o novo Centro de Vacina\u00e7\u00e3o do concelho de Alcoba\u00e7a, instalado no Mercado Municipal. Segundo a C\u00e2mara Municipal de Alcoba\u00e7a, \u201ceste novo espa\u00e7o dar\u00e1 uma resposta mais eficaz \u00e0s exig\u00eancias deste projeto. Efetivamente, o espa\u00e7o atual, escolhido e gerido pelo ACES Oeste-Norte, tem-se revelado insuficiente para as [&hellip;]<\/p>\n","protected":false},"author":2,"featured_media":12773,"comment_status":"open","ping_status":"open","sticky":false,"template":"","format":"standard","meta":{"footnotes":""},"categories":[6],"tags":[],"class_list":["post-12770","post","type-post","status-publish","format-standard","has-post-thumbnail","hentry","category-saude"],"_links":{"self":[{"href":"https:\/\/tintafresca.net\/index.php\/wp-json\/wp\/v2\/posts\/12770","targetHints":{"allow":["GET"]}}],"collection":[{"href":"https:\/\/tintafresca.net\/index.php\/wp-json\/wp\/v2\/posts"}],"about":[{"href":"https:\/\/tintafresca.net\/index.php\/wp-json\/wp\/v2\/types\/post"}],"author":[{"embeddable":true,"href":"https:\/\/tintafresca.net\/index.php\/wp-json\/wp\/v2\/users\/2"}],"replies":[{"embeddable":true,"href":"https:\/\/tintafresca.net\/index.php\/wp-json\/wp\/v2\/comments?post=12770"}],"version-history":[{"count":2,"href":"https:\/\/tintafresca.net\/index.php\/wp-json\/wp\/v2\/posts\/12770\/revisions"}],"predecessor-version":[{"id":12774,"href":"https:\/\/tintafresca.net\/index.php\/wp-json\/wp\/v2\/posts\/12770\/revisions\/12774"}],"wp:featuredmedia":[{"embeddable":true,"href":"https:\/\/tintafresca.net\/index.php\/wp-json\/wp\/v2\/media\/12773"}],"wp:attachment":[{"href":"https:\/\/tintafresca.net\/index.php\/wp-json\/wp\/v2\/media?parent=12770"}],"wp:term":[{"taxonomy":"category","embeddable":true,"href":"https:\/\/tintafresca.net\/index.php\/wp-json\/wp\/v2\/categories?post=12770"},{"taxonomy":"post_tag","embeddable":true,"href":"https:\/\/tintafresca.net\/index.php\/wp-json\/wp\/v2\/tags?post=12770"}],"curies":[{"name":"wp","href":"https:\/\/api.w.org\/{rel}","templated":true}]}}