{"id":1296,"date":"2021-02-09T19:37:17","date_gmt":"2021-02-09T19:37:17","guid":{"rendered":"https:\/\/tintafresca.net\/?p=1296"},"modified":"2021-02-09T19:40:30","modified_gmt":"2021-02-09T19:40:30","slug":"centro2020-e-comunidades-intermunicipais-promovem-sessao-sobre-o-programa-de-apoio-a-producao-nacional","status":"publish","type":"post","link":"https:\/\/tintafresca.net\/index.php\/2021\/02\/09\/centro2020-e-comunidades-intermunicipais-promovem-sessao-sobre-o-programa-de-apoio-a-producao-nacional\/","title":{"rendered":"Centro2020 e comunidades intermunicipais promovem sess\u00e3o sobre o Programa de Apoio \u00e0 Produ\u00e7\u00e3o Nacional"},"content":{"rendered":"<div id=\"attachment_1299\" style=\"width: 510px\" class=\"wp-caption alignleft\"><img loading=\"lazy\" decoding=\"async\" aria-describedby=\"caption-attachment-1299\" class=\"wp-image-1299 size-full\" src=\"https:\/\/tintafresca.net\/wp-content\/uploads\/2021\/02\/OesteCIM_Producao_Nacional10.jpg\" alt=\"\" width=\"500\" height=\"210\" \/><p id=\"caption-attachment-1299\" class=\"wp-caption-text\">Cartaz<\/p><\/div>\n<p>No dia 12 de fevereiro, pelas 11h, ir\u00e1 realizar-se uma sess\u00e3o online de divulga\u00e7\u00e3o do Programa de Apoio \u00e0 Produ\u00e7\u00e3o Nacional. Esta \u00e9 uma iniciativa da Comiss\u00e3o Diretiva do Programa Centro2020, em parceria com as oito Comunidades Intermunicipais da Regi\u00e3o Centro.<\/p>\n<p>O Programa de Apoio \u00e0 Produ\u00e7\u00e3o Nacional \u2013 \u201cEstimular a produ\u00e7\u00e3o nacional visa melhorar a produtividade e assegurar emprego\u201d. A <a href=\"https:\/\/docs.google.com\/forms\/d\/e\/1FAIpQLSdYbBsSbdCpyYtpWW6aCMqW0xyuaGY4cCdRYQJ0BRmBynQF4g\/viewform?fbclid=IwAR0zaxpATU3Z1K-kvEByTtTXcPFV67MWj9WQF1CMr4SCTBBZSOXPQP1WYpM\">inscri\u00e7\u00e3o deve ser feita online<\/a>.<\/p>\n<p>Ap\u00f3s o registo ser\u00e1 enviado para o email o link para assistir ao evento. Mais informa\u00e7\u00f5es sobre o Programa de Apoio \u00e0 Produ\u00e7\u00e3o Nacional no site da Comunidade Intermunicipal do Oeste, Programa de Apoio \u00e0 Produ\u00e7\u00e3o Nacional na Regi\u00e3o Oeste no <a href=\"http:\/\/www.oestecim.pt\/custompages\/showpage.aspx?pageid=d4785ef2-b4f5-4638-a7db-63cb5e764b4a&amp;m=b157\">site da Oeste CIM<\/a>.<\/p>\n<p><strong>\u00a0 \u00a0 Fonte: OesteCIM<\/strong><\/p>\n","protected":false},"excerpt":{"rendered":"<p>No dia 12 de fevereiro, pelas 11h, ir\u00e1 realizar-se uma sess\u00e3o online de divulga\u00e7\u00e3o do Programa de Apoio \u00e0 Produ\u00e7\u00e3o Nacional. Esta \u00e9 uma iniciativa da Comiss\u00e3o Diretiva do Programa Centro2020, em parceria com as oito Comunidades Intermunicipais da Regi\u00e3o Centro. O Programa de Apoio \u00e0 Produ\u00e7\u00e3o Nacional \u2013 \u201cEstimular a produ\u00e7\u00e3o nacional visa melhorar [&hellip;]<\/p>\n","protected":false},"author":2,"featured_media":1301,"comment_status":"open","ping_status":"open","sticky":false,"template":"","format":"standard","meta":{"footnotes":""},"categories":[7],"tags":[],"class_list":["post-1296","post","type-post","status-publish","format-standard","has-post-thumbnail","hentry","category-economia"],"_links":{"self":[{"href":"https:\/\/tintafresca.net\/index.php\/wp-json\/wp\/v2\/posts\/1296","targetHints":{"allow":["GET"]}}],"collection":[{"href":"https:\/\/tintafresca.net\/index.php\/wp-json\/wp\/v2\/posts"}],"about":[{"href":"https:\/\/tintafresca.net\/index.php\/wp-json\/wp\/v2\/types\/post"}],"author":[{"embeddable":true,"href":"https:\/\/tintafresca.net\/index.php\/wp-json\/wp\/v2\/users\/2"}],"replies":[{"embeddable":true,"href":"https:\/\/tintafresca.net\/index.php\/wp-json\/wp\/v2\/comments?post=1296"}],"version-history":[{"count":2,"href":"https:\/\/tintafresca.net\/index.php\/wp-json\/wp\/v2\/posts\/1296\/revisions"}],"predecessor-version":[{"id":1300,"href":"https:\/\/tintafresca.net\/index.php\/wp-json\/wp\/v2\/posts\/1296\/revisions\/1300"}],"wp:featuredmedia":[{"embeddable":true,"href":"https:\/\/tintafresca.net\/index.php\/wp-json\/wp\/v2\/media\/1301"}],"wp:attachment":[{"href":"https:\/\/tintafresca.net\/index.php\/wp-json\/wp\/v2\/media?parent=1296"}],"wp:term":[{"taxonomy":"category","embeddable":true,"href":"https:\/\/tintafresca.net\/index.php\/wp-json\/wp\/v2\/categories?post=1296"},{"taxonomy":"post_tag","embeddable":true,"href":"https:\/\/tintafresca.net\/index.php\/wp-json\/wp\/v2\/tags?post=1296"}],"curies":[{"name":"wp","href":"https:\/\/api.w.org\/{rel}","templated":true}]}}