{"id":12968,"date":"2022-01-19T12:35:53","date_gmt":"2022-01-19T12:35:53","guid":{"rendered":"https:\/\/tintafresca.net\/?p=12968"},"modified":"2022-01-19T12:53:08","modified_gmt":"2022-01-19T12:53:08","slug":"avaria-no-ar-condicionado-condiciona-urgencia-medico-cirurgica-do-hospital-de-caldas-da-rainha","status":"publish","type":"post","link":"https:\/\/tintafresca.net\/index.php\/2022\/01\/19\/avaria-no-ar-condicionado-condiciona-urgencia-medico-cirurgica-do-hospital-de-caldas-da-rainha\/","title":{"rendered":"Avaria no ar condicionado condiciona Urg\u00eancia M\u00e9dico-Cir\u00fargica do Hospital das Caldas"},"content":{"rendered":"<div id=\"attachment_7399\" style=\"width: 510px\" class=\"wp-caption alignleft\"><img loading=\"lazy\" decoding=\"async\" aria-describedby=\"caption-attachment-7399\" class=\"wp-image-7399 size-full\" src=\"https:\/\/tintafresca.net\/wp-content\/uploads\/2021\/08\/Hospital_Caldas_da_Rainha10.jpg\" alt=\"\" width=\"500\" height=\"333\" \/><p id=\"caption-attachment-7399\" class=\"wp-caption-text\">Hospital de Caldas da Rainha<\/p><\/div>\n<p>O Conselho de Administra\u00e7\u00e3o do Centro Hospitalar do Oeste informou, no dia 18 de janeiro, que a obra de remodela\u00e7\u00e3o e amplia\u00e7\u00e3o do Servi\u00e7o de Urg\u00eancia M\u00e9dico-Cir\u00fargica da Unidade de Caldas da Rainha se encontra conclu\u00edda, conforme j\u00e1 anteriormente noticiado. Complementarmente, o mesmo servi\u00e7o encontra-se em funcionamento, o que nunca deixou de acontecer, mesmo quando do per\u00edodo de execu\u00e7\u00e3o da obra, com a diferen\u00e7a de presentemente, fruto da remodela\u00e7\u00e3o, as condi\u00e7\u00f5es de funcionamento s\u00e3o incomparavelmente melhores quer para utentes como para profissionais.<\/p>\n<p>Ap\u00f3s a conclus\u00e3o da obra foi detetada uma avaria no sistema de climatiza\u00e7\u00e3o AVAC (aquecimento, ventila\u00e7\u00e3o e ar condicionado) na nova sala de observa\u00e7\u00e3o. Este facto n\u00e3o est\u00e1 relacionado com a obra de remodela\u00e7\u00e3o e amplia\u00e7\u00e3o do Servi\u00e7o de Urg\u00eancia M\u00e9dico-Cir\u00fargica, condicionando temporariamente apenas a utiliza\u00e7\u00e3o deste espa\u00e7o em concreto.<\/p>\n<p>O esclarecimento do Centro Hospitalar do Oeste surge na sequ\u00eancia da not\u00edcia publicada pelo\u00a0<em>Jornal das Caldas<\/em>\u00a0<em>Online<\/em>\u00a0em 17 de janeiro de 2022.<\/p>\n<p>Por este motivo, e dado que o CHOeste se preocupa com o bem-estar e com os servi\u00e7os prestados aos Utentes, foi de imediato solicitada a repara\u00e7\u00e3o do sistema de climatiza\u00e7\u00e3o, que se prev\u00ea que ainda ocorra esta semana, para que esta sala esteja a funcionar em pleno e com as condi\u00e7\u00f5es de aquecimento e conforto adequadas aos Utentes e Profissionais.<\/p>\n<p>Estranha-se, no entanto, que n\u00e3o tenha sido remetida ao Conselho de Administra\u00e7\u00e3o do CHOeste qualquer solicita\u00e7\u00e3o de informa\u00e7\u00e3o\/esclarecimento por parte da C\u00e2mara Municipal de Caldas da Rainha a prop\u00f3sito deste tema, ou por parte deste \u00f3rg\u00e3o de comunica\u00e7\u00e3o social, dado que este Conselho de Administra\u00e7\u00e3o tem pautado a sua atividade pelos princ\u00edpios da transpar\u00eancia e do acesso \u00e0 informa\u00e7\u00e3o sempre que solicitado.<\/p>\n<p>O Centro Hospitalar do Oeste tem envidado todos os esfor\u00e7os e continuar\u00e1 a adotar as medidas necess\u00e1rias para dar a melhor resposta na presta\u00e7\u00e3o de cuidados de sa\u00fade \u00e0 popula\u00e7\u00e3o.<\/p>\n<p><strong>\u00a0 \u00a0 Fonte: GC|CHO<\/strong><\/p>\n","protected":false},"excerpt":{"rendered":"<p>O Conselho de Administra\u00e7\u00e3o do Centro Hospitalar do Oeste informou, no dia 18 de janeiro, que a obra de remodela\u00e7\u00e3o e amplia\u00e7\u00e3o do Servi\u00e7o de Urg\u00eancia M\u00e9dico-Cir\u00fargica da Unidade de Caldas da Rainha se encontra conclu\u00edda, conforme j\u00e1 anteriormente noticiado. Complementarmente, o mesmo servi\u00e7o encontra-se em funcionamento, o que nunca deixou de acontecer, mesmo quando [&hellip;]<\/p>\n","protected":false},"author":2,"featured_media":7400,"comment_status":"open","ping_status":"open","sticky":false,"template":"","format":"standard","meta":{"footnotes":""},"categories":[6],"tags":[],"class_list":["post-12968","post","type-post","status-publish","format-standard","has-post-thumbnail","hentry","category-saude"],"_links":{"self":[{"href":"https:\/\/tintafresca.net\/index.php\/wp-json\/wp\/v2\/posts\/12968","targetHints":{"allow":["GET"]}}],"collection":[{"href":"https:\/\/tintafresca.net\/index.php\/wp-json\/wp\/v2\/posts"}],"about":[{"href":"https:\/\/tintafresca.net\/index.php\/wp-json\/wp\/v2\/types\/post"}],"author":[{"embeddable":true,"href":"https:\/\/tintafresca.net\/index.php\/wp-json\/wp\/v2\/users\/2"}],"replies":[{"embeddable":true,"href":"https:\/\/tintafresca.net\/index.php\/wp-json\/wp\/v2\/comments?post=12968"}],"version-history":[{"count":5,"href":"https:\/\/tintafresca.net\/index.php\/wp-json\/wp\/v2\/posts\/12968\/revisions"}],"predecessor-version":[{"id":12973,"href":"https:\/\/tintafresca.net\/index.php\/wp-json\/wp\/v2\/posts\/12968\/revisions\/12973"}],"wp:featuredmedia":[{"embeddable":true,"href":"https:\/\/tintafresca.net\/index.php\/wp-json\/wp\/v2\/media\/7400"}],"wp:attachment":[{"href":"https:\/\/tintafresca.net\/index.php\/wp-json\/wp\/v2\/media?parent=12968"}],"wp:term":[{"taxonomy":"category","embeddable":true,"href":"https:\/\/tintafresca.net\/index.php\/wp-json\/wp\/v2\/categories?post=12968"},{"taxonomy":"post_tag","embeddable":true,"href":"https:\/\/tintafresca.net\/index.php\/wp-json\/wp\/v2\/tags?post=12968"}],"curies":[{"name":"wp","href":"https:\/\/api.w.org\/{rel}","templated":true}]}}