{"id":1302,"date":"2021-02-10T09:41:41","date_gmt":"2021-02-10T09:41:41","guid":{"rendered":"https:\/\/tintafresca.net\/?p=1302"},"modified":"2021-02-10T09:52:43","modified_gmt":"2021-02-10T09:52:43","slug":"concelho-de-torres-vedras-reduz-para-metade-numero-de-casos-ativos-de-infecao-por-sars-cov-2","status":"publish","type":"post","link":"https:\/\/tintafresca.net\/index.php\/2021\/02\/10\/concelho-de-torres-vedras-reduz-para-metade-numero-de-casos-ativos-de-infecao-por-sars-cov-2\/","title":{"rendered":"Concelho de Torres Vedras reduz para metade n\u00famero de casos ativos de infe\u00e7\u00e3o SARS-CoV-2"},"content":{"rendered":"<div id=\"attachment_1304\" style=\"width: 510px\" class=\"wp-caption alignleft\"><img loading=\"lazy\" decoding=\"async\" aria-describedby=\"caption-attachment-1304\" class=\"wp-image-1304 size-full\" src=\"https:\/\/tintafresca.net\/wp-content\/uploads\/2021\/02\/Torres_Vedras10.jpg\" alt=\"\" width=\"500\" height=\"375\" \/><p id=\"caption-attachment-1304\" class=\"wp-caption-text\">Torres Vedras<\/p><\/div>\n<p>O concelho de Torres Vedras registava 783 casos ativos de infe\u00e7\u00e3o por SARS-CoV-2, no dia 8 de fevereiro, que se encontram a ser acompanhados pelas autoridades de sa\u00fade. Este valor corresponde a uma redu\u00e7\u00e3o para metade face ao pico da pandemia, no final de janeiro, em que chegou a ultrapassar os 1500 casos. Existiam tamb\u00e9m 157 casos suspeitos a aguardar os resultados laboratoriais, 2005 contactos sob vigil\u00e2ncia ativa das autoridades de sa\u00fade e nove clusters de casos ativos. Infelizmente, o concelho registou, ainda, tr\u00eas novos \u00f3bitos.<\/p>\n<p>At\u00e9 ao momento, n\u00e3o foi poss\u00edvel atualizar a distribui\u00e7\u00e3o por freguesias dos novos casos confirmados e novos casos recuperados de dia 8 de fevereiro. Esta informa\u00e7\u00e3o ser\u00e1 atualizada assim que poss\u00edvel.<\/p>\n<p>No total, foram contabilizados 5140 casos confirmados, dos quais 4212 recuperados. Desde que a pandemia chegou ao concelho, h\u00e1, infelizmente, 145 \u00f3bitos a lamentar.<\/p>\n<p><strong>Situa\u00e7\u00e3o epidemiol\u00f3gica no Hospital de Torres Vedras<\/strong><\/p>\n<p>O\u00a0<em>cluster<\/em>\u00a0de casos de COVID-19 associados ao Hospital de Torres Vedras registava 44 casos ativos. No total, foram contabilizados 232 casos confirmados, dos quais 142 recuperados e 46 \u00f3bitos.<\/p>\n<p><strong>Situa\u00e7\u00e3o epidemiol\u00f3gica no Lar de S\u00e3o Jos\u00e9<\/strong><\/p>\n<p>O\u00a0<em>cluster<\/em>\u00a0de casos de COVID-19 no Lar de S\u00e3o Jos\u00e9, na cidade de Torres Vedras, apresentava seis casos ativos. No total, foram contabilizados 172 casos confirmados, dos quais 142 recuperados e 24 \u00f3bitos.<\/p>\n<p><strong>Situa\u00e7\u00e3o epidemiol\u00f3gica no Lar Barro Senior Residence<\/strong><\/p>\n<p>O\u00a0<em>cluster<\/em>\u00a0de casos de COVID-19 no Lar Barro Senior Residence, no Barro, na freguesia de Santa Maria, S\u00e3o Pedro e Matac\u00e3es, contava com cinco casos ativos. No total, foram contabilizados 56 casos confirmados, dos quais 43 recuperados e oito \u00f3bitos.<\/p>\n<p><strong>Situa\u00e7\u00e3o epidemiol\u00f3gica na Casa de Repouso Enseada da Harmonia<\/strong><\/p>\n<p>O\u00a0<em>cluster<\/em>\u00a0de casos de COVID-19 associados \u00e0 Casa de Repouso Enseada da Harmonia, em Casal Barreirinha, na freguesia de Uni\u00e3o das Freguesias de A dos Cunhados e Maceira, apresentava um caso ativo. No total, foram contabilizados 44 casos confirmados, dos quais 33 recuperados e dez \u00f3bitos.<\/p>\n<p><strong>Situa\u00e7\u00e3o epidemiol\u00f3gica no Lar Nossa Senhora D&#8217;Ajuda<\/strong><\/p>\n<p>O\u00a0<em>cluster<\/em>\u00a0de casos de COVID-19 associados ao Lar Nossa Senhora D&#8217;Ajuda, em Ramalhal, na freguesia de Ramalhal, apresentava 16 casos ativos. No total, foram contabilizados 73 casos confirmados, dos quais 43 recuperados e 14 \u00f3bitos.<\/p>\n<p><strong>Situa\u00e7\u00e3o epidemiol\u00f3gica no Lar de Santo Ant\u00f3nio<\/strong><\/p>\n<p>O\u00a0<em>cluster<\/em>\u00a0de casos de COVID-19 associados ao Lar de Santo Ant\u00f3nio, em Campelos, na freguesia de Uni\u00e3o das Freguesias de Campelos e Outeiro da Cabe\u00e7a, apresentava 37 casos ativos. No total, foram contabilizados 66 casos confirmados, dos quais 27 recuperados e dois \u00f3bitos.<\/p>\n<p><strong>Situa\u00e7\u00e3o epidemiol\u00f3gica nos Bombeiros Volunt\u00e1rios de Torres Vedras<\/strong><\/p>\n<p>O\u00a0<em>cluster<\/em>\u00a0de casos de COVID-19 associados aos Bombeiros Volunt\u00e1rios de Torres Vedras, em Torres Vedras, na freguesia de Santa Maria, S\u00e3o Pedro e Matac\u00e3es, contava com tr\u00eas casos ativos. No total, foram contabilizados 21 casos confirmados, dos quais 18 recuperados.<\/p>\n<p><strong>Situa\u00e7\u00e3o epidemiol\u00f3gica na Casa de Repouso Costa de Prata<\/strong><\/p>\n<p>O\u00a0<em>cluster<\/em>\u00a0de casos de COVID-19 associados \u00e0 Casa de Repouso Costa de Prata, em Ponte do Rol, na freguesia de Ponte do Rol, apresentava 32 casos ativos. No total, foram contabilizados 35 casos confirmados, dos quais tr\u00eas \u00f3bitos.<\/p>\n<p><strong>Situa\u00e7\u00e3o epidemiol\u00f3gica na Casa de Repouso D\u00e9cada Dourada<\/strong><\/p>\n<p>O\u00a0<em>cluster<\/em>\u00a0de casos de COVID-19 associados \u00e0 Casa de Repouso D\u00e9cada Dourada, em Palhagueiras, na freguesia de Uni\u00e3o das Freguesias de A dos Cunhados e Maceira, contava com 14 casos ativos. No total, foram contabilizados 23 casos confirmados, dos quais sete recuperados e dois \u00f3bitos.<\/p>\n<p><strong>\u00a0 \u00a0 Fonte: ACM|CMTV<\/strong><\/p>\n","protected":false},"excerpt":{"rendered":"<p>O concelho de Torres Vedras registava 783 casos ativos de infe\u00e7\u00e3o por SARS-CoV-2, no dia 8 de fevereiro, que se encontram a ser acompanhados pelas autoridades de sa\u00fade. Este valor corresponde a uma redu\u00e7\u00e3o para metade face ao pico da pandemia, no final de janeiro, em que chegou a ultrapassar os 1500 casos. Existiam tamb\u00e9m [&hellip;]<\/p>\n","protected":false},"author":2,"featured_media":1305,"comment_status":"open","ping_status":"open","sticky":false,"template":"","format":"standard","meta":{"footnotes":""},"categories":[6],"tags":[],"class_list":["post-1302","post","type-post","status-publish","format-standard","has-post-thumbnail","hentry","category-saude"],"_links":{"self":[{"href":"https:\/\/tintafresca.net\/index.php\/wp-json\/wp\/v2\/posts\/1302","targetHints":{"allow":["GET"]}}],"collection":[{"href":"https:\/\/tintafresca.net\/index.php\/wp-json\/wp\/v2\/posts"}],"about":[{"href":"https:\/\/tintafresca.net\/index.php\/wp-json\/wp\/v2\/types\/post"}],"author":[{"embeddable":true,"href":"https:\/\/tintafresca.net\/index.php\/wp-json\/wp\/v2\/users\/2"}],"replies":[{"embeddable":true,"href":"https:\/\/tintafresca.net\/index.php\/wp-json\/wp\/v2\/comments?post=1302"}],"version-history":[{"count":5,"href":"https:\/\/tintafresca.net\/index.php\/wp-json\/wp\/v2\/posts\/1302\/revisions"}],"predecessor-version":[{"id":1309,"href":"https:\/\/tintafresca.net\/index.php\/wp-json\/wp\/v2\/posts\/1302\/revisions\/1309"}],"wp:featuredmedia":[{"embeddable":true,"href":"https:\/\/tintafresca.net\/index.php\/wp-json\/wp\/v2\/media\/1305"}],"wp:attachment":[{"href":"https:\/\/tintafresca.net\/index.php\/wp-json\/wp\/v2\/media?parent=1302"}],"wp:term":[{"taxonomy":"category","embeddable":true,"href":"https:\/\/tintafresca.net\/index.php\/wp-json\/wp\/v2\/categories?post=1302"},{"taxonomy":"post_tag","embeddable":true,"href":"https:\/\/tintafresca.net\/index.php\/wp-json\/wp\/v2\/tags?post=1302"}],"curies":[{"name":"wp","href":"https:\/\/api.w.org\/{rel}","templated":true}]}}