{"id":13032,"date":"2022-01-21T11:34:40","date_gmt":"2022-01-21T11:34:40","guid":{"rendered":"https:\/\/tintafresca.net\/?p=13032"},"modified":"2022-01-21T11:39:51","modified_gmt":"2022-01-21T11:39:51","slug":"camara-da-batalha-abre-centros-de-testagem-gratuitos-a-covid-19-em-cada-freguesia","status":"publish","type":"post","link":"https:\/\/tintafresca.net\/index.php\/2022\/01\/21\/camara-da-batalha-abre-centros-de-testagem-gratuitos-a-covid-19-em-cada-freguesia\/","title":{"rendered":"C\u00e2mara da Batalha abre centros de testagem gratuitos \u00e0 Covid-19 em cada freguesia"},"content":{"rendered":"<p><img loading=\"lazy\" decoding=\"async\" class=\"alignleft wp-image-13034 size-full\" src=\"https:\/\/tintafresca.net\/wp-content\/uploads\/2022\/01\/Batalha_testagem10.jpg\" alt=\"\" width=\"500\" height=\"281\" \/>A C\u00e2mara da Batalha vai proceder \u00e0 abertura de centros de testagem \u00e0 COVID-19 na sede do concelho e nas quatro freguesias, com o intuito de alargar esta resposta a toda a popula\u00e7\u00e3o residente no concelho.<\/p>\n<p>\u201cAtentos \u00e0 evolu\u00e7\u00e3o da pandemia e \u00e0 taxa de incid\u00eancia dos cont\u00e1gios entendemos, em estreita articula\u00e7\u00e3o com a Sa\u00fade P\u00fablica do ACES, Pinhal Litoral disponibilizar esta resposta \u00e0 popula\u00e7\u00e3o\u201d, esclarece Raul Castro, presidente da C\u00e2mara da Batalha.<\/p>\n<p>Na Vila da Batalha o centro de testagem ser\u00e1 instalado no audit\u00f3rio do campo de futebol sint\u00e9tico, na zona desportiva e entrar\u00e1 em funcionamento no dia 29 de janeiro.<\/p>\n<p>Na freguesia da Golpilheira o centro de testagem ser\u00e1 instalado na antiga extens\u00e3o de\u00a0Sa\u00fade e no Reguengo do Fetal nas instala\u00e7\u00f5es da Casa do Povo. J\u00e1 em S\u00e3o Mamede, a testagem ocorrer\u00e1 no edif\u00edcio da junta de freguesia.<\/p>\n<p>Com o intuito de aumentar a capacidade de resposta e o n\u00famero de testes a realizar, o centro de testagem da Batalha funcionar\u00e1 em regime de rotatividade com um dos restantes centros, na seguinte ordem: S\u00e3o Mamede, Reguengo do Fetal e Golpilheira.<\/p>\n<p>A realiza\u00e7\u00e3o dos testes, que ser\u00e3o gratuitos e dirigidos exclusivamente aos residentes do concelho, carece de inscri\u00e7\u00e3o pr\u00e9via obrigat\u00f3ria atrav\u00e9s da plataforma eletr\u00f3nica <a href=\"https:\/\/www.batalhaonlife.pt\/\">https:\/\/www.batalhaonlife.pt\/<\/a> que come\u00e7ar\u00e1 a aceitar inscri\u00e7\u00f5es j\u00e1 na pr\u00f3xima semana.<\/p>\n<p>O hor\u00e1rio de funcionamento dos centros ser\u00e1 das 9h00 \u00e0s 12h30 e das 14h00 \u00e0s 16h00, aos s\u00e1bados.<\/p>\n<p>J\u00e1 no dia 22 de janeiro, o processo de testagem iniciar-se-\u00e1 no centro de testagem da Batalha, numa a\u00e7\u00e3o exclusivamente dirigida \u00e0 comunidade escolar e aos Bombeiros Volunt\u00e1rios da Batalha.<\/p>\n<p><strong>\u00a0 \u00a0 Fonte: MB<\/strong><\/p>\n","protected":false},"excerpt":{"rendered":"<p>A C\u00e2mara da Batalha vai proceder \u00e0 abertura de centros de testagem \u00e0 COVID-19 na sede do concelho e nas quatro freguesias, com o intuito de alargar esta resposta a toda a popula\u00e7\u00e3o residente no concelho. \u201cAtentos \u00e0 evolu\u00e7\u00e3o da pandemia e \u00e0 taxa de incid\u00eancia dos cont\u00e1gios entendemos, em estreita articula\u00e7\u00e3o com a Sa\u00fade [&hellip;]<\/p>\n","protected":false},"author":2,"featured_media":13036,"comment_status":"open","ping_status":"open","sticky":false,"template":"","format":"standard","meta":{"footnotes":""},"categories":[6],"tags":[],"class_list":["post-13032","post","type-post","status-publish","format-standard","has-post-thumbnail","hentry","category-saude"],"_links":{"self":[{"href":"https:\/\/tintafresca.net\/index.php\/wp-json\/wp\/v2\/posts\/13032","targetHints":{"allow":["GET"]}}],"collection":[{"href":"https:\/\/tintafresca.net\/index.php\/wp-json\/wp\/v2\/posts"}],"about":[{"href":"https:\/\/tintafresca.net\/index.php\/wp-json\/wp\/v2\/types\/post"}],"author":[{"embeddable":true,"href":"https:\/\/tintafresca.net\/index.php\/wp-json\/wp\/v2\/users\/2"}],"replies":[{"embeddable":true,"href":"https:\/\/tintafresca.net\/index.php\/wp-json\/wp\/v2\/comments?post=13032"}],"version-history":[{"count":3,"href":"https:\/\/tintafresca.net\/index.php\/wp-json\/wp\/v2\/posts\/13032\/revisions"}],"predecessor-version":[{"id":13037,"href":"https:\/\/tintafresca.net\/index.php\/wp-json\/wp\/v2\/posts\/13032\/revisions\/13037"}],"wp:featuredmedia":[{"embeddable":true,"href":"https:\/\/tintafresca.net\/index.php\/wp-json\/wp\/v2\/media\/13036"}],"wp:attachment":[{"href":"https:\/\/tintafresca.net\/index.php\/wp-json\/wp\/v2\/media?parent=13032"}],"wp:term":[{"taxonomy":"category","embeddable":true,"href":"https:\/\/tintafresca.net\/index.php\/wp-json\/wp\/v2\/categories?post=13032"},{"taxonomy":"post_tag","embeddable":true,"href":"https:\/\/tintafresca.net\/index.php\/wp-json\/wp\/v2\/tags?post=13032"}],"curies":[{"name":"wp","href":"https:\/\/api.w.org\/{rel}","templated":true}]}}