{"id":13038,"date":"2022-01-21T18:29:29","date_gmt":"2022-01-21T18:29:29","guid":{"rendered":"https:\/\/tintafresca.net\/?p=13038"},"modified":"2022-01-21T18:39:01","modified_gmt":"2022-01-21T18:39:01","slug":"municipio-de-azambuja-solidario-com-a-populacao-face-a-insustentavel-falta-de-medicos-de-familia-no-concelho","status":"publish","type":"post","link":"https:\/\/tintafresca.net\/index.php\/2022\/01\/21\/municipio-de-azambuja-solidario-com-a-populacao-face-a-insustentavel-falta-de-medicos-de-familia-no-concelho\/","title":{"rendered":"Munic\u00edpio de Azambuja solid\u00e1rio com a popula\u00e7\u00e3o face \u00e0 insustent\u00e1vel falta de m\u00e9dicos de fam\u00edlia no concelho"},"content":{"rendered":"<div id=\"attachment_13040\" style=\"width: 510px\" class=\"wp-caption alignleft\"><img loading=\"lazy\" decoding=\"async\" aria-describedby=\"caption-attachment-13040\" class=\"wp-image-13040 size-full\" src=\"https:\/\/tintafresca.net\/wp-content\/uploads\/2022\/01\/Azambuja_centro_de_saude10.jpg\" alt=\"\" width=\"500\" height=\"356\" \/><p id=\"caption-attachment-13040\" class=\"wp-caption-text\">Centro de Sa\u00fade da Azambuja<\/p><\/div>\n<p>O Munic\u00edpio de Azambuja recebeu, h\u00e1 dias, da parte do Agrupamento de Centros de Sa\u00fade do Estu\u00e1rio do Tejo, a informa\u00e7\u00e3o de que o coordenador do seu Centro de Sa\u00fade ir\u00e1 abandonar as suas fun\u00e7\u00f5es e deixar Azambuja.<\/p>\n<p>De imediato, o presidente da C\u00e2mara Municipal, Silvino L\u00facio, e a vereadora com o pelouro da Sa\u00fade, Ana Coelho, tiveram uma reuni\u00e3o com a Administra\u00e7\u00e3o Regional de Sa\u00fade de Lisboa e Vale do Tejo onde, infelizmente, tiveram a confirma\u00e7\u00e3o dessa sa\u00edda.<\/p>\n<p>Neste encontro, foi igualmente confirmado o facto de\u00a0que j\u00e1 decorreram os dois concursos previstos para a coloca\u00e7\u00e3o de m\u00e9dicos em Azambuja, mas aos quais nenhum m\u00e9dico se candidatou, mantendo-se as vagas abertas por preencher.<\/p>\n<p>Constata-se, assim, que o problema da falta de m\u00e9dicos de fam\u00edlia, al\u00e9m de n\u00e3o ter melhorado, at\u00e9 se agravou. Uma vez mais, a autarquia transmitiu aos respons\u00e1veis da ARS o seu desagrado pela situa\u00e7\u00e3o e insistiu na sua profunda preocupa\u00e7\u00e3o face ao sucessivo atraso nas solu\u00e7\u00f5es para minimizar o problema.<\/p>\n<p>Pela sua parte, o munic\u00edpio est\u00e1 empenhado em contribuir para essas solu\u00e7\u00f5es e j\u00e1 est\u00e1 a trabalhar na cria\u00e7\u00e3o de um regulamento de apoio \u00e0 fixa\u00e7\u00e3o de m\u00e9dicos no concelho, que se pretende que entre em vigor o mais rapidamente poss\u00edvel. O documento definir\u00e1 um conjunto de incentivos com os quais se pretende atrair mais profissionais e reverter a gritante falta de m\u00e9dicos de fam\u00edlia que nos afeta.<\/p>\n<p>O Munic\u00edpio de Azambuja reafirma e refor\u00e7a a sua solidariedade com as Juntas de Freguesia, com o Movimento C\u00edvico pela Sa\u00fade e com toda a popula\u00e7\u00e3o na aspira\u00e7\u00e3o leg\u00edtima por servi\u00e7os de sa\u00fade com mais capacidade de resposta e por melhores cuidados de sa\u00fade em todo o Concelho de Azambuja.<\/p>\n<p><strong>\u00a0 \u00a0Fonte: JB|DCI|CMA<\/strong><\/p>\n","protected":false},"excerpt":{"rendered":"<p>O Munic\u00edpio de Azambuja recebeu, h\u00e1 dias, da parte do Agrupamento de Centros de Sa\u00fade do Estu\u00e1rio do Tejo, a informa\u00e7\u00e3o de que o coordenador do seu Centro de Sa\u00fade ir\u00e1 abandonar as suas fun\u00e7\u00f5es e deixar Azambuja. De imediato, o presidente da C\u00e2mara Municipal, Silvino L\u00facio, e a vereadora com o pelouro da Sa\u00fade, [&hellip;]<\/p>\n","protected":false},"author":2,"featured_media":13041,"comment_status":"open","ping_status":"open","sticky":false,"template":"","format":"standard","meta":{"footnotes":""},"categories":[6],"tags":[],"class_list":["post-13038","post","type-post","status-publish","format-standard","has-post-thumbnail","hentry","category-saude"],"_links":{"self":[{"href":"https:\/\/tintafresca.net\/index.php\/wp-json\/wp\/v2\/posts\/13038","targetHints":{"allow":["GET"]}}],"collection":[{"href":"https:\/\/tintafresca.net\/index.php\/wp-json\/wp\/v2\/posts"}],"about":[{"href":"https:\/\/tintafresca.net\/index.php\/wp-json\/wp\/v2\/types\/post"}],"author":[{"embeddable":true,"href":"https:\/\/tintafresca.net\/index.php\/wp-json\/wp\/v2\/users\/2"}],"replies":[{"embeddable":true,"href":"https:\/\/tintafresca.net\/index.php\/wp-json\/wp\/v2\/comments?post=13038"}],"version-history":[{"count":2,"href":"https:\/\/tintafresca.net\/index.php\/wp-json\/wp\/v2\/posts\/13038\/revisions"}],"predecessor-version":[{"id":13042,"href":"https:\/\/tintafresca.net\/index.php\/wp-json\/wp\/v2\/posts\/13038\/revisions\/13042"}],"wp:featuredmedia":[{"embeddable":true,"href":"https:\/\/tintafresca.net\/index.php\/wp-json\/wp\/v2\/media\/13041"}],"wp:attachment":[{"href":"https:\/\/tintafresca.net\/index.php\/wp-json\/wp\/v2\/media?parent=13038"}],"wp:term":[{"taxonomy":"category","embeddable":true,"href":"https:\/\/tintafresca.net\/index.php\/wp-json\/wp\/v2\/categories?post=13038"},{"taxonomy":"post_tag","embeddable":true,"href":"https:\/\/tintafresca.net\/index.php\/wp-json\/wp\/v2\/tags?post=13038"}],"curies":[{"name":"wp","href":"https:\/\/api.w.org\/{rel}","templated":true}]}}