{"id":13047,"date":"2022-01-21T19:52:19","date_gmt":"2022-01-21T19:52:19","guid":{"rendered":"https:\/\/tintafresca.net\/?p=13047"},"modified":"2022-01-21T23:57:55","modified_gmt":"2022-01-21T23:57:55","slug":"junta-de-freguesia-de-alcobaca-organiza-testagem-a-covid-19-na-sua-sede","status":"publish","type":"post","link":"https:\/\/tintafresca.net\/index.php\/2022\/01\/21\/junta-de-freguesia-de-alcobaca-organiza-testagem-a-covid-19-na-sua-sede\/","title":{"rendered":"Junta de Freguesia de Alcoba\u00e7a organiza testagem \u00e0 COVID-19 na sua sede"},"content":{"rendered":"<div id=\"attachment_13049\" style=\"width: 510px\" class=\"wp-caption alignleft\"><img loading=\"lazy\" decoding=\"async\" aria-describedby=\"caption-attachment-13049\" class=\"wp-image-13049 size-full\" src=\"https:\/\/tintafresca.net\/wp-content\/uploads\/2022\/01\/Junta_freguesia_alcobaca10.jpg\" alt=\"\" width=\"500\" height=\"375\" \/><p id=\"caption-attachment-13049\" class=\"wp-caption-text\">Junta de Freguesia de Alcoba\u00e7a<\/p><\/div>\n<p>O executivo da Uni\u00e3o de Freguesias de Alcoba\u00e7a e Vestiaria UFAV informa que a partir de segunda-feira, dia 24 de janeiro, e, em parceira com as farm\u00e1cias Magalh\u00e3es e Campe\u00e3o, os testes COVID-19 ser\u00e3o efetuados na sede da Junta em Alcoba\u00e7a.<\/p>\n<p>De segunda-feira a s\u00e1bado das 9h \u00e0s 13h e das 14h \u00e0s 18h, por marca\u00e7\u00e3o atrav\u00e9s do n\u00famero 968 371 639.<\/p>\n<p>Todos os cidad\u00e3os t\u00eam direito a 4 testes por m\u00eas gratuitos e ser\u00e3o estes que podem efetuar na Junta.<\/p>\n<p>As farm\u00e1cias Magalh\u00e3es,\u00a0Campe\u00e3o e S\u00e3o Tiago estar\u00e3o tamb\u00e9m dispon\u00edveis para se deslocarem as escolas (sob marca\u00e7\u00e3o pr\u00e9via e solicita\u00e7\u00e3o das dire\u00e7\u00f5es) e a\u00ed efetuar os testes \u00e0s crian\u00e7as,\u00a0 jovens, pessoal docente e n\u00e3o docente para comodidade de todos. Estes testes ser\u00e3o os mesmos 4 a que cada cidad\u00e3o tem direito por oferta do Governo.<\/p>\n<p>A UFAV informa ainda que tamb\u00e9m a Farm\u00e1cia Holon est\u00e1 a efetuar testes todos os dias da semana das 18h \u00e0s 20h nas suas instala\u00e7\u00f5es na Pra\u00e7a 25 de abril, sob marca\u00e7\u00e3o pr\u00e9via.<\/p>\n<p>&nbsp;<\/p>\n","protected":false},"excerpt":{"rendered":"<p>O executivo da Uni\u00e3o de Freguesias de Alcoba\u00e7a e Vestiaria UFAV informa que a partir de segunda-feira, dia 24 de janeiro, e, em parceira com as farm\u00e1cias Magalh\u00e3es e Campe\u00e3o, os testes COVID-19 ser\u00e3o efetuados na sede da Junta em Alcoba\u00e7a. De segunda-feira a s\u00e1bado das 9h \u00e0s 13h e das 14h \u00e0s 18h, por [&hellip;]<\/p>\n","protected":false},"author":2,"featured_media":13051,"comment_status":"open","ping_status":"open","sticky":false,"template":"","format":"standard","meta":{"footnotes":""},"categories":[6],"tags":[],"class_list":["post-13047","post","type-post","status-publish","format-standard","has-post-thumbnail","hentry","category-saude"],"_links":{"self":[{"href":"https:\/\/tintafresca.net\/index.php\/wp-json\/wp\/v2\/posts\/13047","targetHints":{"allow":["GET"]}}],"collection":[{"href":"https:\/\/tintafresca.net\/index.php\/wp-json\/wp\/v2\/posts"}],"about":[{"href":"https:\/\/tintafresca.net\/index.php\/wp-json\/wp\/v2\/types\/post"}],"author":[{"embeddable":true,"href":"https:\/\/tintafresca.net\/index.php\/wp-json\/wp\/v2\/users\/2"}],"replies":[{"embeddable":true,"href":"https:\/\/tintafresca.net\/index.php\/wp-json\/wp\/v2\/comments?post=13047"}],"version-history":[{"count":2,"href":"https:\/\/tintafresca.net\/index.php\/wp-json\/wp\/v2\/posts\/13047\/revisions"}],"predecessor-version":[{"id":13050,"href":"https:\/\/tintafresca.net\/index.php\/wp-json\/wp\/v2\/posts\/13047\/revisions\/13050"}],"wp:featuredmedia":[{"embeddable":true,"href":"https:\/\/tintafresca.net\/index.php\/wp-json\/wp\/v2\/media\/13051"}],"wp:attachment":[{"href":"https:\/\/tintafresca.net\/index.php\/wp-json\/wp\/v2\/media?parent=13047"}],"wp:term":[{"taxonomy":"category","embeddable":true,"href":"https:\/\/tintafresca.net\/index.php\/wp-json\/wp\/v2\/categories?post=13047"},{"taxonomy":"post_tag","embeddable":true,"href":"https:\/\/tintafresca.net\/index.php\/wp-json\/wp\/v2\/tags?post=13047"}],"curies":[{"name":"wp","href":"https:\/\/api.w.org\/{rel}","templated":true}]}}