{"id":13052,"date":"2022-01-22T10:45:35","date_gmt":"2022-01-22T10:45:35","guid":{"rendered":"https:\/\/tintafresca.net\/?p=13052"},"modified":"2022-01-22T10:59:32","modified_gmt":"2022-01-22T10:59:32","slug":"utentes-do-concelho-de-porto-de-mos-manifestam-se-contra-dramatica-falta-de-medicos","status":"publish","type":"post","link":"https:\/\/tintafresca.net\/index.php\/2022\/01\/22\/utentes-do-concelho-de-porto-de-mos-manifestam-se-contra-dramatica-falta-de-medicos\/","title":{"rendered":"Utentes de Porto de M\u00f3s manifestam-se contra \u201cdram\u00e1tica falta de m\u00e9dicos\u201d no concelho"},"content":{"rendered":"<div id=\"attachment_13054\" style=\"width: 510px\" class=\"wp-caption alignleft\"><img loading=\"lazy\" decoding=\"async\" aria-describedby=\"caption-attachment-13054\" class=\"wp-image-13054 size-full\" src=\"https:\/\/tintafresca.net\/wp-content\/uploads\/2022\/01\/PM_manif_Saude10.jpg\" alt=\"\" width=\"500\" height=\"375\" \/><p id=\"caption-attachment-13054\" class=\"wp-caption-text\">Manifesta\u00e7\u00e3o de utentes do concelho de Porto de M\u00f3s<\/p><\/div>\n<p>Dezenas de utentes da Unidade de Cuidados de Sa\u00fade Personalizados (UCSP) de Porto de M\u00f3s e das extens\u00f5es de sa\u00fade de Alqueid\u00e3o da Serra e Arrimal e Mendiga, manifestaram-se na manh\u00e3 de 21 de janeiro contra a falta de m\u00e9dicos no concelho. Segundo Jorge Vala, presidente da C\u00e2mara Municipal de Porto de M\u00f3s, faltam 7 m\u00e9dicos no concelho e est\u00e3o sem m\u00e9dico de fam\u00edlia cerca de 9 mil utentes, classificando esta situa\u00e7\u00e3o como \u201cdram\u00e1tica\u201d. Atualmente o Centro de Sa\u00fade de Porto de M\u00f3s \u201capenas tem um cl\u00ednico ao servi\u00e7o e as respostas tardam\u201d, adiantou o autarca.<\/p>\n<p>Segundo Jorge Vala, \u201ca situa\u00e7\u00e3o \u00e9 dram\u00e1tica\u201d ainda mais porque \u201ctemos uma popula\u00e7\u00e3o envelhecida e com falta de mobilidade\u201d, considerando que \u201cn\u00e3o \u00e9 aceit\u00e1vel que as pessoas venham de manh\u00e3 para marcar lugar para uma consulta aberta \u00e0s 17h e sem saberem se t\u00eam consulta\u201d.<\/p>\n<p>O autarca lamenta a \u201cfalta de resposta\u201d do Governo e do Minist\u00e9rio da Sa\u00fade, esclarecendo que \u201c\u00fanica entidade que nos responde \u00e9 o ACES Pinhal Litoral\u201d que solicitou ao Minist\u00e9rio da Sa\u00fade \u201c4 vagas para Porto de M\u00f3s\u201d e viu o Minist\u00e9rio \u201cs\u00f3 atribuir um m\u00e9dico\u201d.<\/p>\n<p>Jorge Vala garantiu ao Tinta Fresca que \u201cn\u00f3s n\u00e3o conseguimos continuar a viver esta situa\u00e7\u00e3o dram\u00e1tica de falta de m\u00e9dicos e sem respostas\u201d, acrescentando ainda que \u201cos m\u00e9dicos est\u00e3o cansados e esgotados\u201d.<\/p>\n<p>Em declara\u00e7\u00f5es \u00e0 ag\u00eancia Lusa, Delfina Carvalho, diretora executiva do Agrupamento de Centros de Sa\u00fade (ACES) Pinhal Litoral, reiterou no mesmo dia em que os populares protestaram contra a falta de m\u00e9dicos em Porto de M\u00f3s, que aquela entidade continua \u201ca tentar arranjar m\u00e9dicos para contratar\u201d.<\/p>\n<p>M\u00f3nica Alexandre<\/p>\n","protected":false},"excerpt":{"rendered":"<p>Dezenas de utentes da Unidade de Cuidados de Sa\u00fade Personalizados (UCSP) de Porto de M\u00f3s e das extens\u00f5es de sa\u00fade de Alqueid\u00e3o da Serra e Arrimal e Mendiga, manifestaram-se na manh\u00e3 de 21 de janeiro contra a falta de m\u00e9dicos no concelho. Segundo Jorge Vala, presidente da C\u00e2mara Municipal de Porto de M\u00f3s, faltam 7 [&hellip;]<\/p>\n","protected":false},"author":2,"featured_media":13055,"comment_status":"open","ping_status":"open","sticky":false,"template":"","format":"standard","meta":{"footnotes":""},"categories":[6],"tags":[],"class_list":["post-13052","post","type-post","status-publish","format-standard","has-post-thumbnail","hentry","category-saude"],"_links":{"self":[{"href":"https:\/\/tintafresca.net\/index.php\/wp-json\/wp\/v2\/posts\/13052","targetHints":{"allow":["GET"]}}],"collection":[{"href":"https:\/\/tintafresca.net\/index.php\/wp-json\/wp\/v2\/posts"}],"about":[{"href":"https:\/\/tintafresca.net\/index.php\/wp-json\/wp\/v2\/types\/post"}],"author":[{"embeddable":true,"href":"https:\/\/tintafresca.net\/index.php\/wp-json\/wp\/v2\/users\/2"}],"replies":[{"embeddable":true,"href":"https:\/\/tintafresca.net\/index.php\/wp-json\/wp\/v2\/comments?post=13052"}],"version-history":[{"count":7,"href":"https:\/\/tintafresca.net\/index.php\/wp-json\/wp\/v2\/posts\/13052\/revisions"}],"predecessor-version":[{"id":13061,"href":"https:\/\/tintafresca.net\/index.php\/wp-json\/wp\/v2\/posts\/13052\/revisions\/13061"}],"wp:featuredmedia":[{"embeddable":true,"href":"https:\/\/tintafresca.net\/index.php\/wp-json\/wp\/v2\/media\/13055"}],"wp:attachment":[{"href":"https:\/\/tintafresca.net\/index.php\/wp-json\/wp\/v2\/media?parent=13052"}],"wp:term":[{"taxonomy":"category","embeddable":true,"href":"https:\/\/tintafresca.net\/index.php\/wp-json\/wp\/v2\/categories?post=13052"},{"taxonomy":"post_tag","embeddable":true,"href":"https:\/\/tintafresca.net\/index.php\/wp-json\/wp\/v2\/tags?post=13052"}],"curies":[{"name":"wp","href":"https:\/\/api.w.org\/{rel}","templated":true}]}}