{"id":13066,"date":"2022-01-22T16:32:48","date_gmt":"2022-01-22T16:32:48","guid":{"rendered":"https:\/\/tintafresca.net\/?p=13066"},"modified":"2022-01-22T16:38:24","modified_gmt":"2022-01-22T16:38:24","slug":"cartaxo-vai-eliminar-o-papel-nos-processos-de-urbanismo","status":"publish","type":"post","link":"https:\/\/tintafresca.net\/index.php\/2022\/01\/22\/cartaxo-vai-eliminar-o-papel-nos-processos-de-urbanismo\/","title":{"rendered":"Cartaxo vai eliminar o papel nos processos de urbanismo"},"content":{"rendered":"<div id=\"attachment_13068\" style=\"width: 510px\" class=\"wp-caption alignleft\"><img loading=\"lazy\" decoding=\"async\" aria-describedby=\"caption-attachment-13068\" class=\"wp-image-13068 size-full\" src=\"https:\/\/tintafresca.net\/wp-content\/uploads\/2022\/01\/Cartaxo_edificio_municipal10.jpg\" alt=\"\" width=\"500\" height=\"419\" \/><p id=\"caption-attachment-13068\" class=\"wp-caption-text\">Pa\u00e7os do Concelho do Cartaxo<\/p><\/div>\n<p>Ainda em fevereiro de 2022 os servi\u00e7os de urbanismo da C\u00e2mara Municipal do Cartaxo v\u00e3o passar a ter um balc\u00e3o \u00fanico de atendimento e os processos ser\u00e3o submetidos em formato digital.<\/p>\n<p>A forma\u00e7\u00e3o de trabalhadores, a divulga\u00e7\u00e3o junto da popula\u00e7\u00e3o e as a\u00e7\u00f5es de recolha de contributos em coopera\u00e7\u00e3o com os t\u00e9cnicos da \u00e1rea, para \u201cafinar todo o processo\u201d, j\u00e1 est\u00e3o a decorrer, conforme explicou o presidente da C\u00e2mara Municipal do Cartaxo.<\/p>\n<p>Facilitar a rela\u00e7\u00e3o com empresas, associa\u00e7\u00f5es e indiv\u00edduos que precisam recorrer ao servi\u00e7o de urbanismo na C\u00e2mara Municipal \u00e9 o objetivo central das altera\u00e7\u00f5es que est\u00e3o a ser conclu\u00eddas.<\/p>\n<p>Jo\u00e3o Heitor defende que \u201cpara o desenvolvimento do nosso concelho, \u00e9 essencial um servi\u00e7o de urbanismo moderno, rigoroso e c\u00e9lere no tratamento da informa\u00e7\u00e3o, tanto quanto na comunica\u00e7\u00e3o de decis\u00f5es aos mun\u00edcipes e empres\u00e1rios\u201d.<\/p>\n<p>O servi\u00e7o de urbanismo \u00e9 o primeiro de um conjunto de outros cujos m\u00e9todos de relacionamento com os mun\u00edcipes est\u00e3o a ser trabalhados para que \u201cpossamos ser cada vez mais digitais no tratamento do que \u00e9 burocr\u00e1tico e cada vez mais dispon\u00edveis e pr\u00f3ximos no tratamento do que precisa de interven\u00e7\u00e3o humana e sensibilidade pessoal para ser resolvido\u201d, explicou o presidente da C\u00e2mara Municipal.<\/p>\n<p>O presidente da C\u00e2mara Municipal do Cartaxo, Jo\u00e3o Heitor, deu conhecimento ao executivo \u2013 na reuni\u00e3o de dia 18 de janeiro \u2013 que o trabalho interno que permitir\u00e1 a \u201ccria\u00e7\u00e3o do balc\u00e3o de atendimento centralizado e digital do servi\u00e7o de urbanismo, entrou na fase final\u201d, que vai decorrer at\u00e9 ao fim de mar\u00e7o de 2022.<\/p>\n<p>Desta fase fazem parte a forma\u00e7\u00e3o que permitir\u00e1 aos trabalhadores usar a nova plataforma digital de atendimento e seguimento online de processos de urbanismo, que j\u00e1 decorreu, a apresenta\u00e7\u00e3o aos t\u00e9cnicos que operam no concelho do Cartaxo, das normas t\u00e9cnicas para a instru\u00e7\u00e3o dos processos de urbanismo em formato digital, que est\u00e1 agendada para dia 25 de janeiro e a avalia\u00e7\u00e3o quer pelos servi\u00e7os, quer pela comunidade e pelos t\u00e9cnicos, da solu\u00e7\u00e3o em funcionamento, para introdu\u00e7\u00e3o de altera\u00e7\u00f5es que se considerem relevantes.<\/p>\n<p><strong>Vereador respons\u00e1vel pelo pelouro quer que urbanismo seja um espa\u00e7o de coopera\u00e7\u00e3o entre comunidade e servi\u00e7os da autarquia<\/strong><\/p>\n<p>O vice-presidente da C\u00e2mara Municipal e respons\u00e1vel pelo pelouro do urbanismo, Pedro Reis, informou que a autarquia endere\u00e7ou um convite formal aos t\u00e9cnicos da \u00e1rea para participarem numa sess\u00e3o de esclarecimento que vai decorrer no audit\u00f3rio da Quinta das Pratas, no dia 25 de janeiro e que est\u00e1 aberta a todos os t\u00e9cnicos interessados \u2013 \u201cainda que possam, por algum motivo, n\u00e3o ter recebido o convite formal, seria muito importante que estivessem nesta reuni\u00e3o de trabalho\u201d, afirmou o autarca.<\/p>\n<p>Pedro Reis explicou que apesar das normas t\u00e9cnicas para instru\u00e7\u00e3o dos processos terem sido aprovadas por unanimidade na reuni\u00e3o da C\u00e2mara Municipal, s\u00e3o um \u201cdocumento din\u00e2mico, flex\u00edvel, no qual queremos integrar as propostas daqueles que trabalham diariamente com os nossos servi\u00e7os\u201d. O importante ser\u00e1 \u201cque toda a comunidade possa participar na constru\u00e7\u00e3o de um servi\u00e7o de urbanismo facilitador do investimento, rigoroso e justo nas decis\u00f5es sobre os projetos apresentados e c\u00e9lere na comunica\u00e7\u00e3o dessas decis\u00f5es aos seus promotores\u201d, afirmou o vice-presidente.<\/p>\n<p>Entre as altera\u00e7\u00f5es que a nova plataforma digital de atendimento vai introduzir, o autarca destacou a possibilidade de submeter processos e documentos fora das horas de expediente dos servi\u00e7os e a partir de qualquer local com acesso a meios digitais, assim como, a possibilidade de as diversas fases de avalia\u00e7\u00e3o dos processos serem seguidas online e em tempo real \u2013 \u201co que s\u00e3o fatores de efici\u00eancia e efic\u00e1cia mas que exigem muito esfor\u00e7o a todas as partes envolvidas\u201d, referiu Pedro Reis, destacando que os t\u00e9cnicos que apresentam os projetos v\u00e3o submeter todas as pe\u00e7as em formato digital, enquanto os trabalhadores da autarquia ter\u00e3o de ser muito rigorosos no cumprimento dos prazos a que est\u00e3o obrigados.<\/p>\n<p>O autarca explicou ainda que \u201co atendimento presencial n\u00e3o ser\u00e1 alterado, vamos continuar a receber as pessoas quer no balc\u00e3o do edif\u00edcio-sede da C\u00e2mara, quer no atendimento personalizado\u201d, o que vai acontecer \u00e9 que \u201cquando as pessoas vierem ter connosco, vamos poder consultar, em tempo real, todas as pe\u00e7as dos projetos e a sua situa\u00e7\u00e3o real\u201d.<\/p>\n<p><strong>\u00a0 \u00a0 Fonte: MS|GIC|CMC<\/strong><\/p>\n<p>&nbsp;<\/p>\n","protected":false},"excerpt":{"rendered":"<p>Ainda em fevereiro de 2022 os servi\u00e7os de urbanismo da C\u00e2mara Municipal do Cartaxo v\u00e3o passar a ter um balc\u00e3o \u00fanico de atendimento e os processos ser\u00e3o submetidos em formato digital. A forma\u00e7\u00e3o de trabalhadores, a divulga\u00e7\u00e3o junto da popula\u00e7\u00e3o e as a\u00e7\u00f5es de recolha de contributos em coopera\u00e7\u00e3o com os t\u00e9cnicos da \u00e1rea, para [&hellip;]<\/p>\n","protected":false},"author":2,"featured_media":13069,"comment_status":"open","ping_status":"open","sticky":false,"template":"","format":"standard","meta":{"footnotes":""},"categories":[7],"tags":[],"class_list":["post-13066","post","type-post","status-publish","format-standard","has-post-thumbnail","hentry","category-economia"],"_links":{"self":[{"href":"https:\/\/tintafresca.net\/index.php\/wp-json\/wp\/v2\/posts\/13066","targetHints":{"allow":["GET"]}}],"collection":[{"href":"https:\/\/tintafresca.net\/index.php\/wp-json\/wp\/v2\/posts"}],"about":[{"href":"https:\/\/tintafresca.net\/index.php\/wp-json\/wp\/v2\/types\/post"}],"author":[{"embeddable":true,"href":"https:\/\/tintafresca.net\/index.php\/wp-json\/wp\/v2\/users\/2"}],"replies":[{"embeddable":true,"href":"https:\/\/tintafresca.net\/index.php\/wp-json\/wp\/v2\/comments?post=13066"}],"version-history":[{"count":2,"href":"https:\/\/tintafresca.net\/index.php\/wp-json\/wp\/v2\/posts\/13066\/revisions"}],"predecessor-version":[{"id":13070,"href":"https:\/\/tintafresca.net\/index.php\/wp-json\/wp\/v2\/posts\/13066\/revisions\/13070"}],"wp:featuredmedia":[{"embeddable":true,"href":"https:\/\/tintafresca.net\/index.php\/wp-json\/wp\/v2\/media\/13069"}],"wp:attachment":[{"href":"https:\/\/tintafresca.net\/index.php\/wp-json\/wp\/v2\/media?parent=13066"}],"wp:term":[{"taxonomy":"category","embeddable":true,"href":"https:\/\/tintafresca.net\/index.php\/wp-json\/wp\/v2\/categories?post=13066"},{"taxonomy":"post_tag","embeddable":true,"href":"https:\/\/tintafresca.net\/index.php\/wp-json\/wp\/v2\/tags?post=13066"}],"curies":[{"name":"wp","href":"https:\/\/api.w.org\/{rel}","templated":true}]}}