{"id":13149,"date":"2022-01-25T18:13:42","date_gmt":"2022-01-25T18:13:42","guid":{"rendered":"https:\/\/tintafresca.net\/?p=13149"},"modified":"2022-01-25T18:19:37","modified_gmt":"2022-01-25T18:19:37","slug":"centro-hospitalar-de-leiria-cria-unidade-de-internamento-de-cuidados-de-convalescenca-no-hospital-distrital-de-pombal","status":"publish","type":"post","link":"https:\/\/tintafresca.net\/index.php\/2022\/01\/25\/centro-hospitalar-de-leiria-cria-unidade-de-internamento-de-cuidados-de-convalescenca-no-hospital-distrital-de-pombal\/","title":{"rendered":"Centro Hospitalar de Leiria cria Unidade de Internamento de Cuidados de Convalescen\u00e7a no Hospital Distrital de Pombal"},"content":{"rendered":"<div id=\"attachment_13151\" style=\"width: 510px\" class=\"wp-caption alignleft\"><img loading=\"lazy\" decoding=\"async\" aria-describedby=\"caption-attachment-13151\" class=\"wp-image-13151 size-full\" src=\"https:\/\/tintafresca.net\/wp-content\/uploads\/2022\/01\/CHL_Pombal10.png\" alt=\"\" width=\"500\" height=\"323\" \/><p id=\"caption-attachment-13151\" class=\"wp-caption-text\">Hospital Distrital de Pombal<\/p><\/div>\n<p>O Centro Hospitalar de Leiria (CHL) vai criar uma Unidade de Internamento de Cuidados de Convalescen\u00e7a no Hospital Distrital de Pombal (HDP), com capacidade para 16 camas, que visa o tratamento e supervis\u00e3o cl\u00ednica, continuada e intensiva, para cuidados cl\u00ednicos de reabilita\u00e7\u00e3o, na sequ\u00eancia de internamento hospitalar, recorr\u00eancia ou descompensa\u00e7\u00e3o de processo cr\u00f3nico, que possibilite a recupera\u00e7\u00e3o e incremento da qualidade de vida dos doentes. O concurso p\u00fablico para a empreitada est\u00e1 aberto at\u00e9 ao dia 26 de janeiro. O valor do investimento \u00e9 de mais de 800 mil euros, que conta com o cofinanciamento de 500 mil euros no \u00e2mbito do Programa Portugal 2020.<\/p>\n<p>\u00abO desenvolvimento desta Unidade possibilita a referencia\u00e7\u00e3o mais precoce para cuidados de reabilita\u00e7\u00e3o, com importante impacto na preven\u00e7\u00e3o de sequelas de imobilidade e na concretiza\u00e7\u00e3o dos objetivos cl\u00ednicos, relativos \u00e0 cogni\u00e7\u00e3o, degluti\u00e7\u00e3o, fun\u00e7\u00e3o sensitivo-motora, fun\u00e7\u00e3o cardiorrespirat\u00f3ria, bem como na recupera\u00e7\u00e3o funcional, ganhos de autonomia e de qualidade de vida. Falamos de estabilizar clinicamente e funcionalmente o doente, e avaliar e reabilitar integralmente a pessoa com perda transit\u00f3ria de autonomia potencialmente recuper\u00e1vel\u00bb, explica Lic\u00ednio de Carvalho, presidente do Conselho de Administra\u00e7\u00e3o do CHL.<\/p>\n<p>A futura interven\u00e7\u00e3o, com a dura\u00e7\u00e3o prevista de aproximadamente 10 meses, integra a reconvers\u00e3o e adapta\u00e7\u00e3o de um piso no HDP, antigo internamento de Cirurgia Geral, que ter\u00e1 quartos, gabinetes m\u00e9dicos e de enfermagem, uma zona de apoio a tratamentos de fisioterapia, gin\u00e1sio e sala de conv\u00edvio. \u00c9 expect\u00e1vel o tratamento anual m\u00e9dio de 175 doentes nesta unidade de internamento.<\/p>\n<p>Esta nova Unidade trar\u00e1 claros benef\u00edcios cl\u00ednicos, j\u00e1 que estar\u00e1 localizada numa \u00e1rea geogr\u00e1fica sem resposta neste setor. \u00abO aumento da longevidade da popula\u00e7\u00e3o, das doen\u00e7as cr\u00f3nicas, da pr\u00f3pria popula\u00e7\u00e3o com depend\u00eancia funcional e a necessidade de refor\u00e7o das capacidades e compet\u00eancias das fam\u00edlias, no que concerne \u00e0 concilia\u00e7\u00e3o das obriga\u00e7\u00f5es da vida profissional com o acompanhamento do familiar doente, especificamente na fase de convalescen\u00e7a, s\u00e3o os motivos que explicam a necessidade desta Unidade na nossa regi\u00e3o\u00bb, destaca Lic\u00ednio de Carvalho. \u00abA nova estrutura contribuir\u00e1 para a promo\u00e7\u00e3o de uma rede de presta\u00e7\u00e3o de cuidados de proximidade, e permitir\u00e1 melhorar o desempenho do internamento de agudos.\u00bb<\/p>\n<p>A Unidade de Internamento de Cuidados de Convalescen\u00e7a no HDP possibilitar\u00e1 ainda o crescimento do Servi\u00e7o de Medicina F\u00edsica e Reabilita\u00e7\u00e3o, que se traduzir\u00e1 num aumento de resposta ao n\u00edvel dos cuidados de reabilita\u00e7\u00e3o aos doentes do ambulat\u00f3rio.<\/p>\n<p><strong>\u00a0 \u00a0 \u00a0Fonte: Midlandcom<\/strong><\/p>\n","protected":false},"excerpt":{"rendered":"<p>O Centro Hospitalar de Leiria (CHL) vai criar uma Unidade de Internamento de Cuidados de Convalescen\u00e7a no Hospital Distrital de Pombal (HDP), com capacidade para 16 camas, que visa o tratamento e supervis\u00e3o cl\u00ednica, continuada e intensiva, para cuidados cl\u00ednicos de reabilita\u00e7\u00e3o, na sequ\u00eancia de internamento hospitalar, recorr\u00eancia ou descompensa\u00e7\u00e3o de processo cr\u00f3nico, que possibilite [&hellip;]<\/p>\n","protected":false},"author":2,"featured_media":13153,"comment_status":"open","ping_status":"open","sticky":false,"template":"","format":"standard","meta":{"footnotes":""},"categories":[6],"tags":[],"class_list":["post-13149","post","type-post","status-publish","format-standard","has-post-thumbnail","hentry","category-saude"],"_links":{"self":[{"href":"https:\/\/tintafresca.net\/index.php\/wp-json\/wp\/v2\/posts\/13149","targetHints":{"allow":["GET"]}}],"collection":[{"href":"https:\/\/tintafresca.net\/index.php\/wp-json\/wp\/v2\/posts"}],"about":[{"href":"https:\/\/tintafresca.net\/index.php\/wp-json\/wp\/v2\/types\/post"}],"author":[{"embeddable":true,"href":"https:\/\/tintafresca.net\/index.php\/wp-json\/wp\/v2\/users\/2"}],"replies":[{"embeddable":true,"href":"https:\/\/tintafresca.net\/index.php\/wp-json\/wp\/v2\/comments?post=13149"}],"version-history":[{"count":2,"href":"https:\/\/tintafresca.net\/index.php\/wp-json\/wp\/v2\/posts\/13149\/revisions"}],"predecessor-version":[{"id":13152,"href":"https:\/\/tintafresca.net\/index.php\/wp-json\/wp\/v2\/posts\/13149\/revisions\/13152"}],"wp:featuredmedia":[{"embeddable":true,"href":"https:\/\/tintafresca.net\/index.php\/wp-json\/wp\/v2\/media\/13153"}],"wp:attachment":[{"href":"https:\/\/tintafresca.net\/index.php\/wp-json\/wp\/v2\/media?parent=13149"}],"wp:term":[{"taxonomy":"category","embeddable":true,"href":"https:\/\/tintafresca.net\/index.php\/wp-json\/wp\/v2\/categories?post=13149"},{"taxonomy":"post_tag","embeddable":true,"href":"https:\/\/tintafresca.net\/index.php\/wp-json\/wp\/v2\/tags?post=13149"}],"curies":[{"name":"wp","href":"https:\/\/api.w.org\/{rel}","templated":true}]}}