{"id":13231,"date":"2022-01-28T14:39:01","date_gmt":"2022-01-28T14:39:01","guid":{"rendered":"https:\/\/tintafresca.net\/?p=13231"},"modified":"2022-01-28T19:03:43","modified_gmt":"2022-01-28T19:03:43","slug":"hospital-distrital-de-santarem-prepara-respostas-aos-desafios-atuais-da-saude-mental","status":"publish","type":"post","link":"https:\/\/tintafresca.net\/index.php\/2022\/01\/28\/hospital-distrital-de-santarem-prepara-respostas-aos-desafios-atuais-da-saude-mental\/","title":{"rendered":"Hospital Distrital de Santar\u00e9m prepara respostas aos desafios atuais da sa\u00fade mental"},"content":{"rendered":"<div id=\"attachment_13234\" style=\"width: 510px\" class=\"wp-caption alignleft\"><img loading=\"lazy\" decoding=\"async\" aria-describedby=\"caption-attachment-13234\" class=\"wp-image-13234 size-full\" src=\"https:\/\/tintafresca.net\/wp-content\/uploads\/2022\/01\/Santarem_Hospital_saude_mental10.jpg\" alt=\"\" width=\"500\" height=\"277\" \/><p id=\"caption-attachment-13234\" class=\"wp-caption-text\">Reuni\u00e3o no Hospital Distrital de Santar\u00e9m<\/p><\/div>\n<p>O diretor do Programa Nacional de Sa\u00fade Mental, Miguel Xavier, a Coordenadora Regional de Sa\u00fade Mental da Regi\u00e3o de Lisboa e Vale do Tejo (RLVT), Teresa Maia, e a assessora da Ministra da Sa\u00fade, F\u00e1tima Sena e Silva, visitaram esta segunda-feira, dia 24 de janeiro, o Departamento de Psiquiatria e Sa\u00fade Mental (DPSM) do Hospital Distrital de Santar\u00e9m (HDS) com o prop\u00f3sito de incentivar a apresenta\u00e7\u00e3o de um projeto de renova\u00e7\u00e3o e requalifica\u00e7\u00e3o das instala\u00e7\u00f5es do Departamento, no \u00e2mbito do Plano de Recupera\u00e7\u00e3o e Resili\u00eancia (PRR), programa de aplica\u00e7\u00e3o nacional que prev\u00ea, entre outros investimentos, a reforma dos servi\u00e7os de sa\u00fade mental.<\/p>\n<p>Antes da visita, houve espa\u00e7o para uma reuni\u00e3o com o Conselho de Administra\u00e7\u00e3o e respons\u00e1veis do DPSM, para conhecerem melhor a realidade do hospital e preparar as respostas aos atuais desafios colocados aos Servi\u00e7os de Sa\u00fade Mental e comunidades em que se inserem.<\/p>\n<div id=\"attachment_13235\" style=\"width: 510px\" class=\"wp-caption alignleft\"><img loading=\"lazy\" decoding=\"async\" aria-describedby=\"caption-attachment-13235\" class=\"wp-image-13235 size-full\" src=\"https:\/\/tintafresca.net\/wp-content\/uploads\/2022\/01\/Santarem_Hospital_saude_mental30.jpg\" alt=\"\" width=\"500\" height=\"375\" \/><p id=\"caption-attachment-13235\" class=\"wp-caption-text\">Hospital prepara respostas aos atuais desafios colocados aos Servi\u00e7os de Sa\u00fade Mental e comunidades em que se inserem<\/p><\/div>\n<p>A visita enquadra-se na atividade desenvolvida pelo Conselho Regional de Sa\u00fade Mental (CRSM) da RLVT, em conjuga\u00e7\u00e3o com o Programa Nacional para a Sa\u00fade Mental da Dire\u00e7\u00e3o-Geral da Sa\u00fade.<\/p>\n<p><strong>\u00a0 \u00a0 Fonte: HDS<\/strong><\/p>\n","protected":false},"excerpt":{"rendered":"<p>O diretor do Programa Nacional de Sa\u00fade Mental, Miguel Xavier, a Coordenadora Regional de Sa\u00fade Mental da Regi\u00e3o de Lisboa e Vale do Tejo (RLVT), Teresa Maia, e a assessora da Ministra da Sa\u00fade, F\u00e1tima Sena e Silva, visitaram esta segunda-feira, dia 24 de janeiro, o Departamento de Psiquiatria e Sa\u00fade Mental (DPSM) do Hospital [&hellip;]<\/p>\n","protected":false},"author":2,"featured_media":13236,"comment_status":"open","ping_status":"open","sticky":false,"template":"","format":"standard","meta":{"footnotes":""},"categories":[6],"tags":[],"class_list":["post-13231","post","type-post","status-publish","format-standard","has-post-thumbnail","hentry","category-saude"],"_links":{"self":[{"href":"https:\/\/tintafresca.net\/index.php\/wp-json\/wp\/v2\/posts\/13231","targetHints":{"allow":["GET"]}}],"collection":[{"href":"https:\/\/tintafresca.net\/index.php\/wp-json\/wp\/v2\/posts"}],"about":[{"href":"https:\/\/tintafresca.net\/index.php\/wp-json\/wp\/v2\/types\/post"}],"author":[{"embeddable":true,"href":"https:\/\/tintafresca.net\/index.php\/wp-json\/wp\/v2\/users\/2"}],"replies":[{"embeddable":true,"href":"https:\/\/tintafresca.net\/index.php\/wp-json\/wp\/v2\/comments?post=13231"}],"version-history":[{"count":3,"href":"https:\/\/tintafresca.net\/index.php\/wp-json\/wp\/v2\/posts\/13231\/revisions"}],"predecessor-version":[{"id":13237,"href":"https:\/\/tintafresca.net\/index.php\/wp-json\/wp\/v2\/posts\/13231\/revisions\/13237"}],"wp:featuredmedia":[{"embeddable":true,"href":"https:\/\/tintafresca.net\/index.php\/wp-json\/wp\/v2\/media\/13236"}],"wp:attachment":[{"href":"https:\/\/tintafresca.net\/index.php\/wp-json\/wp\/v2\/media?parent=13231"}],"wp:term":[{"taxonomy":"category","embeddable":true,"href":"https:\/\/tintafresca.net\/index.php\/wp-json\/wp\/v2\/categories?post=13231"},{"taxonomy":"post_tag","embeddable":true,"href":"https:\/\/tintafresca.net\/index.php\/wp-json\/wp\/v2\/tags?post=13231"}],"curies":[{"name":"wp","href":"https:\/\/api.w.org\/{rel}","templated":true}]}}