{"id":13302,"date":"2022-01-30T17:51:34","date_gmt":"2022-01-30T17:51:34","guid":{"rendered":"https:\/\/tintafresca.net\/?p=13302"},"modified":"2022-01-30T18:00:54","modified_gmt":"2022-01-30T18:00:54","slug":"lourinha-passa-a-dispor-de-mais-um-centro-de-testes-covid-19","status":"publish","type":"post","link":"https:\/\/tintafresca.net\/index.php\/2022\/01\/30\/lourinha-passa-a-dispor-de-mais-um-centro-de-testes-covid-19\/","title":{"rendered":"Lourinh\u00e3 passa a ter mais um Centro de Testes COVID-19"},"content":{"rendered":"<p><img loading=\"lazy\" decoding=\"async\" class=\"alignleft wp-image-12579 size-full\" src=\"https:\/\/tintafresca.net\/wp-content\/uploads\/2022\/01\/Testes_COVID01.png\" alt=\"\" width=\"301\" height=\"301\" \/>O Munic\u00edpio da Lourinh\u00e3 informou, no dia 28 de janeiro, que, para al\u00e9m dos 3 centros de testes j\u00e1 existentes no concelho, disp\u00f5e agora de outra unidade, instalada na Pra\u00e7a Jos\u00e9 M\u00e1ximo da Costa, em frente \u00e0 C\u00e2mara Municipal, cuja operacionaliza\u00e7\u00e3o da realiza\u00e7\u00e3o dos testes e a gest\u00e3o do agendamento \u00e9 da responsabilidade das farm\u00e1cias Leal, Quintans e Marteleirense, esta \u00faltima, em atividade apenas a partir de mar\u00e7o.<\/p>\n<p>O atendimento feito pela Farm\u00e1cia Quintans determina a um agendamento online, atrav\u00e9s do site das farm\u00e1cias portuguesas, onde o utente pode selecionar a farm\u00e1cia e o hor\u00e1rio, de acordo com a disponibilidade apresentada.<\/p>\n<p>No caso da Farm\u00e1cia Leal, o utente poder\u00e1 usar o n\u00ba de telem\u00f3vel 913 747 991 ou o agendamento digital.<\/p>\n<p>O centro de testes funcionar\u00e1 de segunda a sexta-feira, das 9h00 \u00e0s 12h00 e das 15h00 \u00e0s 17h00, com as seguintes especificidades:<\/p>\n<p>\uf0b7 Entre as 11h00 e as 12h00, funcionar\u00e1 o regime de casa aberta para todos os que n\u00e3o conseguirem agendamento e sempre de acordo com a capacidade de cada farm\u00e1cia;<\/p>\n<p>\uf0b7 Ser\u00e1 dada prioridade aos agendamentos, havendo alguma flexibilidade para se efetuarem atendimentos sem marca\u00e7\u00e3o, mas urgentes.<\/p>\n<p>Os utentes t\u00eam direito a 4 testes comparticipados a 100%, por m\u00eas. A sua elegibilidade s\u00f3 \u00e9 poss\u00edvel verificar na farm\u00e1cia, ap\u00f3s realiza\u00e7\u00e3o dos mesmos.<\/p>\n<p>At\u00e9 dia 31 de janeiro, apenas a Farm\u00e1cia Quintans estar\u00e1 a realizar testes, no hor\u00e1rio e regras apresentadas. A partir da\u00ed, a Farm\u00e1cia Leal iniciar\u00e1 fun\u00e7\u00f5es no centro de testagem, sendo que as manh\u00e3s ser\u00e3o da responsabilidade da Farm\u00e1cia Leal e as tardes da responsabilidade da Farm\u00e1cia Quintans. Na semana de 7 de Fevereiro, o esquema ser\u00e1 inverso, ou seja, a Farm\u00e1cia Quintans atuar\u00e1 de manh\u00e3 e Farm\u00e1cia Leal de tarde e assim sucessivamente.<\/p>\n<p>Este novo centro de testes \u00e9, \u00e0 semelhan\u00e7a dos de Moita dos Ferreiros e Reguengo Grande, resultado de um apelo que o munic\u00edpio fez aos parceiros locais, nomeadamente Juntas de Freguesia e farm\u00e1cias, no sentido de dar resposta \u00e0 necessidade de aumento da capacidade de rastreio no concelho da Lourinh\u00e3, prevendo-se a abertura de outros equipamentos no concelho.<\/p>\n<p>O munic\u00edpio da Lourinh\u00e3 deixa ainda o alerta a todos os mun\u00edcipes para que continuem a cumprir, escrupulosamente, as recomenda\u00e7\u00f5es da Dire\u00e7\u00e3o Geral da Sa\u00fade e as medidas de controlo da pandemia, bem como que agendem a sua vacina\u00e7\u00e3o contra a Covid-19, seja a primeira, a segunda ou a terceira doses, utilizando os canais habituais <a href=\"https:\/\/covid19estamoson.gov.pt\/vacina-covid-19-pedido-de-agendamento\/\">Vacina COVID-19: Pedido de Agendamento &#8211; Covid 19 estamos ON<\/a><\/p>\n","protected":false},"excerpt":{"rendered":"<p>O Munic\u00edpio da Lourinh\u00e3 informou, no dia 28 de janeiro, que, para al\u00e9m dos 3 centros de testes j\u00e1 existentes no concelho, disp\u00f5e agora de outra unidade, instalada na Pra\u00e7a Jos\u00e9 M\u00e1ximo da Costa, em frente \u00e0 C\u00e2mara Municipal, cuja operacionaliza\u00e7\u00e3o da realiza\u00e7\u00e3o dos testes e a gest\u00e3o do agendamento \u00e9 da responsabilidade das farm\u00e1cias [&hellip;]<\/p>\n","protected":false},"author":2,"featured_media":12457,"comment_status":"open","ping_status":"open","sticky":false,"template":"","format":"standard","meta":{"footnotes":""},"categories":[6],"tags":[],"class_list":["post-13302","post","type-post","status-publish","format-standard","has-post-thumbnail","hentry","category-saude"],"_links":{"self":[{"href":"https:\/\/tintafresca.net\/index.php\/wp-json\/wp\/v2\/posts\/13302","targetHints":{"allow":["GET"]}}],"collection":[{"href":"https:\/\/tintafresca.net\/index.php\/wp-json\/wp\/v2\/posts"}],"about":[{"href":"https:\/\/tintafresca.net\/index.php\/wp-json\/wp\/v2\/types\/post"}],"author":[{"embeddable":true,"href":"https:\/\/tintafresca.net\/index.php\/wp-json\/wp\/v2\/users\/2"}],"replies":[{"embeddable":true,"href":"https:\/\/tintafresca.net\/index.php\/wp-json\/wp\/v2\/comments?post=13302"}],"version-history":[{"count":4,"href":"https:\/\/tintafresca.net\/index.php\/wp-json\/wp\/v2\/posts\/13302\/revisions"}],"predecessor-version":[{"id":13306,"href":"https:\/\/tintafresca.net\/index.php\/wp-json\/wp\/v2\/posts\/13302\/revisions\/13306"}],"wp:featuredmedia":[{"embeddable":true,"href":"https:\/\/tintafresca.net\/index.php\/wp-json\/wp\/v2\/media\/12457"}],"wp:attachment":[{"href":"https:\/\/tintafresca.net\/index.php\/wp-json\/wp\/v2\/media?parent=13302"}],"wp:term":[{"taxonomy":"category","embeddable":true,"href":"https:\/\/tintafresca.net\/index.php\/wp-json\/wp\/v2\/categories?post=13302"},{"taxonomy":"post_tag","embeddable":true,"href":"https:\/\/tintafresca.net\/index.php\/wp-json\/wp\/v2\/tags?post=13302"}],"curies":[{"name":"wp","href":"https:\/\/api.w.org\/{rel}","templated":true}]}}