{"id":13441,"date":"2022-02-04T22:20:43","date_gmt":"2022-02-04T22:20:43","guid":{"rendered":"https:\/\/tintafresca.net\/?p=13441"},"modified":"2022-02-04T22:24:33","modified_gmt":"2022-02-04T22:24:33","slug":"valorlis-e-camara-municipal-da-marinha-grande-realizam-primeira-acao-de-sensibilizacao-sobre-compostagem-domestica-no-concelho","status":"publish","type":"post","link":"https:\/\/tintafresca.net\/index.php\/2022\/02\/04\/valorlis-e-camara-municipal-da-marinha-grande-realizam-primeira-acao-de-sensibilizacao-sobre-compostagem-domestica-no-concelho\/","title":{"rendered":"Valorlis e C\u00e2mara da Marinha Grande realizam 1\u00aa a\u00e7\u00e3o de sensibiliza\u00e7\u00e3o sobre compostagem dom\u00e9stica no concelho"},"content":{"rendered":"<div id=\"attachment_13443\" style=\"width: 510px\" class=\"wp-caption alignleft\"><img loading=\"lazy\" decoding=\"async\" aria-describedby=\"caption-attachment-13443\" class=\"wp-image-13443 size-full\" src=\"https:\/\/tintafresca.net\/wp-content\/uploads\/2022\/02\/MG_compostagem30.jpg\" alt=\"\" width=\"500\" height=\"332\" \/><p id=\"caption-attachment-13443\" class=\"wp-caption-text\">A\u00e7\u00e3o de sensibiliza\u00e7\u00e3o sobre compostagem<\/p><\/div>\n<p>A empresa Valorlis e a C\u00e2mara Municipal da Marinha Grande realizaram no 3 de fevereiro, no Parque Municipal de Exposi\u00e7\u00f5es, a primeira a\u00e7\u00e3o de sensibiliza\u00e7\u00e3o sobre compostagem dom\u00e9stica no concelho, seguindo-se a distribui\u00e7\u00e3o de compostores aos participantes.<\/p>\n<p>Esta foi a primeira de v\u00e1rias a\u00e7\u00f5es que a Valorlis ir\u00e1 dinamizar no \u00e2mbito do programa \u201cCompostar outra forma de Reciclar\u201d. No dia 4 de fevereiro, realizou-se outra iniciativa semelhante, para forma\u00e7\u00e3o e entrega de compostores. Nestes dois dias s\u00e3o entregues 160 compostores. Os mun\u00edcipes j\u00e1 inscritos ser\u00e3o convocados para participar nas pr\u00f3ximas iniciativas.<\/p>\n<p>A administradora-delegada da Valorlis, Marta Loia Guerreiro, e o vereador do ambiente, Jo\u00e3o Brito, estiveram presentes, agradecendo as preocupa\u00e7\u00f5es ambientais dos mun\u00edcipes presentes e que se candidataram \u00e0 atribui\u00e7\u00e3o de um compostor dom\u00e9stico pela Valorlis.<\/p>\n<div id=\"attachment_13444\" style=\"width: 510px\" class=\"wp-caption alignleft\"><img loading=\"lazy\" decoding=\"async\" aria-describedby=\"caption-attachment-13444\" class=\"wp-image-13444 size-full\" src=\"https:\/\/tintafresca.net\/wp-content\/uploads\/2022\/02\/MG_compostagem10.jpg\" alt=\"\" width=\"500\" height=\"332\" \/><p id=\"caption-attachment-13444\" class=\"wp-caption-text\">Marta Loia Guerreiro e Jo\u00e3o Brito<\/p><\/div>\n<p>Evidenciaram que a compostagem \u00e9 uma op\u00e7\u00e3o sustent\u00e1vel para o destino final do lixo produzido, porque permite transformar a mat\u00e9ria org\u00e2nica em adubo natural, que pode ser utilizado na agricultura e em plantas, jardins e hortas para substituir o uso de produtos qu\u00edmicos. Para al\u00e9m disso, \u00e9 um processo que contribui para a diminui\u00e7\u00e3o do aquecimento global, uma vez que o material transformado em adubo deixa de ir para os aterros sanit\u00e1rios e, assim, n\u00e3o gera o g\u00e1s metano.<\/p>\n<p><strong>\u00a0 \u00a0 Fonte: GCRP|CMMG<\/strong><\/p>\n","protected":false},"excerpt":{"rendered":"<p>A empresa Valorlis e a C\u00e2mara Municipal da Marinha Grande realizaram no 3 de fevereiro, no Parque Municipal de Exposi\u00e7\u00f5es, a primeira a\u00e7\u00e3o de sensibiliza\u00e7\u00e3o sobre compostagem dom\u00e9stica no concelho, seguindo-se a distribui\u00e7\u00e3o de compostores aos participantes. Esta foi a primeira de v\u00e1rias a\u00e7\u00f5es que a Valorlis ir\u00e1 dinamizar no \u00e2mbito do programa \u201cCompostar outra [&hellip;]<\/p>\n","protected":false},"author":2,"featured_media":13445,"comment_status":"open","ping_status":"open","sticky":false,"template":"","format":"standard","meta":{"footnotes":""},"categories":[9],"tags":[],"class_list":["post-13441","post","type-post","status-publish","format-standard","has-post-thumbnail","hentry","category-ambiente"],"_links":{"self":[{"href":"https:\/\/tintafresca.net\/index.php\/wp-json\/wp\/v2\/posts\/13441","targetHints":{"allow":["GET"]}}],"collection":[{"href":"https:\/\/tintafresca.net\/index.php\/wp-json\/wp\/v2\/posts"}],"about":[{"href":"https:\/\/tintafresca.net\/index.php\/wp-json\/wp\/v2\/types\/post"}],"author":[{"embeddable":true,"href":"https:\/\/tintafresca.net\/index.php\/wp-json\/wp\/v2\/users\/2"}],"replies":[{"embeddable":true,"href":"https:\/\/tintafresca.net\/index.php\/wp-json\/wp\/v2\/comments?post=13441"}],"version-history":[{"count":5,"href":"https:\/\/tintafresca.net\/index.php\/wp-json\/wp\/v2\/posts\/13441\/revisions"}],"predecessor-version":[{"id":13449,"href":"https:\/\/tintafresca.net\/index.php\/wp-json\/wp\/v2\/posts\/13441\/revisions\/13449"}],"wp:featuredmedia":[{"embeddable":true,"href":"https:\/\/tintafresca.net\/index.php\/wp-json\/wp\/v2\/media\/13445"}],"wp:attachment":[{"href":"https:\/\/tintafresca.net\/index.php\/wp-json\/wp\/v2\/media?parent=13441"}],"wp:term":[{"taxonomy":"category","embeddable":true,"href":"https:\/\/tintafresca.net\/index.php\/wp-json\/wp\/v2\/categories?post=13441"},{"taxonomy":"post_tag","embeddable":true,"href":"https:\/\/tintafresca.net\/index.php\/wp-json\/wp\/v2\/tags?post=13441"}],"curies":[{"name":"wp","href":"https:\/\/api.w.org\/{rel}","templated":true}]}}