{"id":13482,"date":"2022-02-06T11:25:25","date_gmt":"2022-02-06T11:25:25","guid":{"rendered":"https:\/\/tintafresca.net\/?p=13482"},"modified":"2022-02-06T15:09:00","modified_gmt":"2022-02-06T15:09:00","slug":"camara-avanca-com-candidatura-para-centro-de-interpretacao-da-ribeira-de-alcolobre","status":"publish","type":"post","link":"https:\/\/tintafresca.net\/index.php\/2022\/02\/06\/camara-avanca-com-candidatura-para-centro-de-interpretacao-da-ribeira-de-alcolobre\/","title":{"rendered":"C\u00e2mara de Abrantes avan\u00e7a com candidatura do centro de interpreta\u00e7\u00e3o da ribeira de Alcolobre"},"content":{"rendered":"<div id=\"attachment_13484\" style=\"width: 510px\" class=\"wp-caption alignleft\"><img loading=\"lazy\" decoding=\"async\" aria-describedby=\"caption-attachment-13484\" class=\"wp-image-13484 size-full\" src=\"https:\/\/tintafresca.net\/wp-content\/uploads\/2022\/02\/Abrantes_Ribeira-de-Alcolobre_Tramagal10.jpg\" alt=\"\" width=\"500\" height=\"333\" \/><p id=\"caption-attachment-13484\" class=\"wp-caption-text\">Ribeira de Alcolobre<\/p><\/div>\n<p>Edif\u00edcio da antiga escola prim\u00e1ria do Crucifixo, na freguesia de Tramagal, vai voltar \u00e0 propriedade da C\u00e2mara Municipal de Abrantes com o objetivo de ser o munic\u00edpio a promover a requalifica\u00e7\u00e3o deste espa\u00e7o e a transform\u00e1-lo no centro de interpreta\u00e7\u00e3o da ribeira de Alcolobre. Ser\u00e1 o ponto de partida para um percurso pedestre que potencializar\u00e1 todo o valor patrimonial da ribeira, preservar\u00e1 a biodiversidade existente, fomentando a atratividade tur\u00edstica da freguesia de Tramagal, agregado \u00e0 Grande Rota 12 E7, Caminho do Tejo.<\/p>\n<p>O projeto global est\u00e1 estimado em \u20ac150.000,00, tendo sido apresentada candidatura para financiamento do projeto ao programa \u201cRenova\u00e7\u00e3o de Aldeias\u201d, no \u00e2mbito do Programa de Desenvolvimento Rural 2014-2020, gerido localmente pela Tagus \u2013\u00a0 Associa\u00e7\u00e3o para o Desenvolvimento Integrado do Ribatejo Interior.<\/p>\n<p>O espa\u00e7o da antiga escola estava cedido \u00e0 Junta de Freguesia, atrav\u00e9s de protocolo, tendo sido apresentada uma candidatura a programa comunit\u00e1rio para o converter em albergue. No entanto, j\u00e1 ap\u00f3s a aprova\u00e7\u00e3o, devido a uma altera\u00e7\u00e3o relativa \u00e0 componente nacional, optou-se pela desist\u00eancia da candidatura. Em conson\u00e2ncia com o executivo da Junta de Freguesia de Tramagal, foi declarada a ren\u00fancia ao referido protocolo, formalidade ratificada na reuni\u00e3o do executivo municipal realizada no dia 25 de janeiro de 2022.<\/p>\n<p>Ativo natural e arqueol\u00f3gico, a ribeira de Alcolobre marca o limite entre os concelhos de Abrantes (freguesia de Tramagal) e Const\u00e2ncia (freguesia de Santa Margarida da Coutada) e desagua na margem esquerda do rio Tejo. Recentemente, a Dire\u00e7\u00e3o-Geral do Patrim\u00f3nio Cultural anunciou o arranque do processo de classifica\u00e7\u00e3o do S\u00edtio Arqueol\u00f3gico de Alcolobre, onde j\u00e1 foi descoberto um forno, umas termas e um balne\u00e1rio romanos, uma necr\u00f3pole e uma barragem\/represa.<\/p>\n<p><strong>\u00a0 \u00a0Fonte: DC|CMA<\/strong><\/p>\n","protected":false},"excerpt":{"rendered":"<p>Edif\u00edcio da antiga escola prim\u00e1ria do Crucifixo, na freguesia de Tramagal, vai voltar \u00e0 propriedade da C\u00e2mara Municipal de Abrantes com o objetivo de ser o munic\u00edpio a promover a requalifica\u00e7\u00e3o deste espa\u00e7o e a transform\u00e1-lo no centro de interpreta\u00e7\u00e3o da ribeira de Alcolobre. Ser\u00e1 o ponto de partida para um percurso pedestre que potencializar\u00e1 [&hellip;]<\/p>\n","protected":false},"author":2,"featured_media":13485,"comment_status":"open","ping_status":"open","sticky":false,"template":"","format":"standard","meta":{"footnotes":""},"categories":[9],"tags":[],"class_list":["post-13482","post","type-post","status-publish","format-standard","has-post-thumbnail","hentry","category-ambiente"],"_links":{"self":[{"href":"https:\/\/tintafresca.net\/index.php\/wp-json\/wp\/v2\/posts\/13482","targetHints":{"allow":["GET"]}}],"collection":[{"href":"https:\/\/tintafresca.net\/index.php\/wp-json\/wp\/v2\/posts"}],"about":[{"href":"https:\/\/tintafresca.net\/index.php\/wp-json\/wp\/v2\/types\/post"}],"author":[{"embeddable":true,"href":"https:\/\/tintafresca.net\/index.php\/wp-json\/wp\/v2\/users\/2"}],"replies":[{"embeddable":true,"href":"https:\/\/tintafresca.net\/index.php\/wp-json\/wp\/v2\/comments?post=13482"}],"version-history":[{"count":5,"href":"https:\/\/tintafresca.net\/index.php\/wp-json\/wp\/v2\/posts\/13482\/revisions"}],"predecessor-version":[{"id":13489,"href":"https:\/\/tintafresca.net\/index.php\/wp-json\/wp\/v2\/posts\/13482\/revisions\/13489"}],"wp:featuredmedia":[{"embeddable":true,"href":"https:\/\/tintafresca.net\/index.php\/wp-json\/wp\/v2\/media\/13485"}],"wp:attachment":[{"href":"https:\/\/tintafresca.net\/index.php\/wp-json\/wp\/v2\/media?parent=13482"}],"wp:term":[{"taxonomy":"category","embeddable":true,"href":"https:\/\/tintafresca.net\/index.php\/wp-json\/wp\/v2\/categories?post=13482"},{"taxonomy":"post_tag","embeddable":true,"href":"https:\/\/tintafresca.net\/index.php\/wp-json\/wp\/v2\/tags?post=13482"}],"curies":[{"name":"wp","href":"https:\/\/api.w.org\/{rel}","templated":true}]}}