{"id":13501,"date":"2022-02-06T23:33:49","date_gmt":"2022-02-06T23:33:49","guid":{"rendered":"https:\/\/tintafresca.net\/?p=13501"},"modified":"2022-02-06T23:36:36","modified_gmt":"2022-02-06T23:36:36","slug":"concelhia-de-alenquer-do-psd-alerta-para-foco-de-poluicao-na-ribeira-do-sarra","status":"publish","type":"post","link":"https:\/\/tintafresca.net\/index.php\/2022\/02\/06\/concelhia-de-alenquer-do-psd-alerta-para-foco-de-poluicao-na-ribeira-do-sarra\/","title":{"rendered":"Concelhia de Alenquer do PSD alerta para foco de polui\u00e7\u00e3o na Ribeira do Sarra"},"content":{"rendered":"<div id=\"attachment_13504\" style=\"width: 510px\" class=\"wp-caption alignleft\"><img loading=\"lazy\" decoding=\"async\" aria-describedby=\"caption-attachment-13504\" class=\"wp-image-13504 size-full\" src=\"https:\/\/tintafresca.net\/wp-content\/uploads\/2022\/02\/Alenquer_PSD_Ribeira_do_Sarra10.jpg\" alt=\"\" width=\"500\" height=\"500\" \/><p id=\"caption-attachment-13504\" class=\"wp-caption-text\">Pedro Afonso visitou a ribeira do Sarra<\/p><\/div>\n<p>A Comiss\u00e3o Pol\u00edtica Concelhia de Alenquer do PSD realizou, no dia 5 de fevereiro, uma visita \u00e0 vila do Carregado para ver no terreno o estado em que se encontra a Ribeira do Sarra, que considera \u201clament\u00e1vel. Encontramos uma Ribeira polu\u00edda, dentro da zona urbana com um cheiro nauseabundo, sem estar limpa e com tubos a deitar l\u00edquido castanho diretamente para a Ribeira.\u201d<\/p>\n<p>Os sociais-democratas recordam que este \u00e9 um problema que se arrasta h\u00e1 demasiados anos, com um preju\u00edzo incalcul\u00e1vel para os carregadenses que vivem junto desta linha de \u00e1gua. Infelizmente\u201d e destacam que \u201ca Ribeira do Sarra \u00e9 um bom exemplo do desleixo permanente que a C\u00e2mara Municipal de Alenquer tem para com a Vila do Carregado, pois o estado a que deixou chegar esta ribeira \u00e9 a todos os n\u00edveis deplor\u00e1vel.\u201d<\/p>\n<p>Segundo a lei da \u00e1gua, a responsabilidade pela limpeza da ribeira dentro do aglomerado urbano do Carregado \u00e9 da responsabilidade da C\u00e2mara Municipal de Alenquer (al\u00ednea a do n\u00ba5 do artigo 33 da lei 58\/2005 de 29 de Dezembro: o aglomerado urbano do Carregado, segundo mapas do pr\u00f3prio munic\u00edpio, vai do atual parque de pesados, at\u00e9 junto \u00e0s portagens da autoestrada).<\/p>\n<div id=\"attachment_13505\" style=\"width: 510px\" class=\"wp-caption alignleft\"><img loading=\"lazy\" decoding=\"async\" aria-describedby=\"caption-attachment-13505\" class=\"wp-image-13505 size-full\" src=\"https:\/\/tintafresca.net\/wp-content\/uploads\/2022\/02\/Alenquer_PSD_Ribeira_do_Sarra20.jpg\" alt=\"\" width=\"500\" height=\"666\" \/><p id=\"caption-attachment-13505\" class=\"wp-caption-text\">Polui\u00e7\u00e3o bem vis\u00edvel neste curso de \u00e1gua que atravessa a Freguesia do Carregado<\/p><\/div>\n<p>A Comiss\u00e3o Pol\u00edtica Concelhia do PSD, presidida por Pedro Afonso, recorda que \u201cpara poder detetar os focos poluidores \u00e9 imperativo a ribeira estar limpa, coisa que n\u00e3o acontece, pois est\u00e1 bastante obstru\u00edda\u201d, defendendo, por isso, que \u201cj\u00e1 \u00e9 tempo do Carregado ser tratado, com o respeito e a dignidade que a sua popula\u00e7\u00e3o merece.\u201d<\/p>\n","protected":false},"excerpt":{"rendered":"<p>A Comiss\u00e3o Pol\u00edtica Concelhia de Alenquer do PSD realizou, no dia 5 de fevereiro, uma visita \u00e0 vila do Carregado para ver no terreno o estado em que se encontra a Ribeira do Sarra, que considera \u201clament\u00e1vel. Encontramos uma Ribeira polu\u00edda, dentro da zona urbana com um cheiro nauseabundo, sem estar limpa e com tubos [&hellip;]<\/p>\n","protected":false},"author":2,"featured_media":13506,"comment_status":"open","ping_status":"open","sticky":false,"template":"","format":"standard","meta":{"footnotes":""},"categories":[9],"tags":[],"class_list":["post-13501","post","type-post","status-publish","format-standard","has-post-thumbnail","hentry","category-ambiente"],"_links":{"self":[{"href":"https:\/\/tintafresca.net\/index.php\/wp-json\/wp\/v2\/posts\/13501","targetHints":{"allow":["GET"]}}],"collection":[{"href":"https:\/\/tintafresca.net\/index.php\/wp-json\/wp\/v2\/posts"}],"about":[{"href":"https:\/\/tintafresca.net\/index.php\/wp-json\/wp\/v2\/types\/post"}],"author":[{"embeddable":true,"href":"https:\/\/tintafresca.net\/index.php\/wp-json\/wp\/v2\/users\/2"}],"replies":[{"embeddable":true,"href":"https:\/\/tintafresca.net\/index.php\/wp-json\/wp\/v2\/comments?post=13501"}],"version-history":[{"count":3,"href":"https:\/\/tintafresca.net\/index.php\/wp-json\/wp\/v2\/posts\/13501\/revisions"}],"predecessor-version":[{"id":13507,"href":"https:\/\/tintafresca.net\/index.php\/wp-json\/wp\/v2\/posts\/13501\/revisions\/13507"}],"wp:featuredmedia":[{"embeddable":true,"href":"https:\/\/tintafresca.net\/index.php\/wp-json\/wp\/v2\/media\/13506"}],"wp:attachment":[{"href":"https:\/\/tintafresca.net\/index.php\/wp-json\/wp\/v2\/media?parent=13501"}],"wp:term":[{"taxonomy":"category","embeddable":true,"href":"https:\/\/tintafresca.net\/index.php\/wp-json\/wp\/v2\/categories?post=13501"},{"taxonomy":"post_tag","embeddable":true,"href":"https:\/\/tintafresca.net\/index.php\/wp-json\/wp\/v2\/tags?post=13501"}],"curies":[{"name":"wp","href":"https:\/\/api.w.org\/{rel}","templated":true}]}}