{"id":13521,"date":"2022-02-07T19:13:22","date_gmt":"2022-02-07T19:13:22","guid":{"rendered":"https:\/\/tintafresca.net\/?p=13521"},"modified":"2022-02-07T19:21:50","modified_gmt":"2022-02-07T19:21:50","slug":"pedro-machado-reeleito-presidente-da-agencia-regional-de-promocao-turistica-do-centro","status":"publish","type":"post","link":"https:\/\/tintafresca.net\/index.php\/2022\/02\/07\/pedro-machado-reeleito-presidente-da-agencia-regional-de-promocao-turistica-do-centro\/","title":{"rendered":"Pedro Machado reeleito presidente da Ag\u00eancia Regional de Promo\u00e7\u00e3o Tur\u00edstica do Centro"},"content":{"rendered":"<div id=\"attachment_13523\" style=\"width: 510px\" class=\"wp-caption alignleft\"><img loading=\"lazy\" decoding=\"async\" aria-describedby=\"caption-attachment-13523\" class=\"wp-image-13523 size-full\" src=\"https:\/\/tintafresca.net\/wp-content\/uploads\/2022\/02\/TCP_Pedro-Machado-presidente-da-Direcao20.jpg\" alt=\"\" width=\"500\" height=\"375\" \/><p id=\"caption-attachment-13523\" class=\"wp-caption-text\">Interven\u00e7\u00e3o de Pedro Machado<\/p><\/div>\n<p>Os novos \u00f3rg\u00e3os sociais da Ag\u00eancia Regional de Promo\u00e7\u00e3o Tur\u00edstica Centro de Portugal (ARPTC) tomaram posse esta segunda-feira, dia 7 de fevereiro, numa cerim\u00f3nia que decorreu no Montebelo Viseu Congress Hotel. A ARPTC \u00e9 uma entidade p\u00fablico-privada, sem fins lucrativos, que se destina \u00e0 promo\u00e7\u00e3o externa do territ\u00f3rio do Centro de Portugal.<\/p>\n<p>As elei\u00e7\u00f5es para o tri\u00e9nio 2022-24 decorreram no dia 7 de dezembro e reconduziram, por unanimidade, Pedro Machado na lideran\u00e7a da Ag\u00eancia. Como vice-presidente continua igualmente Jorge Loureiro, enquanto Lu\u00eds Veiga preside \u00e0 Assembleia-Geral e Paulo Rom\u00e3o ao Conselho Fiscal.<\/p>\n<p>Na ocasi\u00e3o, Pedro Machado destacou a import\u00e2ncia que a ARPTC tem desempenhado na evolu\u00e7\u00e3o tur\u00edstica da regi\u00e3o. \u201cA ARPTC \u00e9 um ve\u00edculo privilegiado que potencia o Centro de Portugal, nas suas m\u00faltiplas facetas, al\u00e9m-fronteiras. Desempenha um trabalho crucial para a internacionaliza\u00e7\u00e3o das empresas de turismo, ajudando-as a apostar em novos mercados\u201d, sublinhou, elencando em seguida os principais desafios que os pr\u00f3ximos anos colocam \u00e0 atividade tur\u00edstica na regi\u00e3o Centro de Portugal.<\/p>\n<p>\u201cTemos v\u00e1rios desafios nos pr\u00f3ximos anos. O primeiro \u00e9 restaurar a confian\u00e7a dos viajantes. Felizmente, a regi\u00e3o re\u00fane todas as condi\u00e7\u00f5es para que isso aconte\u00e7a. Em segundo lugar, n\u00e3o podemos descurar o mercado nacional, respons\u00e1vel pelos bons resultados que temos conseguido em altura de pandemia. Depois, temos o desafio de recuperar o fluxo tur\u00edstico internacional. Para isso, vamos propor ao Turismo de Portugal a revis\u00e3o da contratualiza\u00e7\u00e3o da promo\u00e7\u00e3o externa\u201d, adiantou.<\/p>\n<div id=\"attachment_13524\" style=\"width: 510px\" class=\"wp-caption alignleft\"><img loading=\"lazy\" decoding=\"async\" aria-describedby=\"caption-attachment-13524\" class=\"wp-image-13524 size-full\" src=\"https:\/\/tintafresca.net\/wp-content\/uploads\/2022\/02\/TCP_Novos-orgaos-sociais-ARPTC10.jpg\" alt=\"\" width=\"500\" height=\"375\" \/><p id=\"caption-attachment-13524\" class=\"wp-caption-text\">\u00d3rg\u00e3os sociais da Ag\u00eancia Regional de Promo\u00e7\u00e3o Tur\u00edstica Centro de Portugal (ARPTC)<\/p><\/div>\n<p>\u201cO quarto desafio\u201d, continuou, \u201c\u00e9 aumentar o n\u00famero de dormidas e as receitas em todo o territ\u00f3rio. A esse n\u00edvel, as Ag\u00eancias de Promo\u00e7\u00e3o Tur\u00edstica devem ser o agregador da promo\u00e7\u00e3o internacional dos territ\u00f3rios. Em quinto lugar, temos de enfrentar a escassez de m\u00e3o de obra. O pa\u00eds vai ter necessariamente de recrutar a n\u00edvel externo, de prefer\u00eancia em pa\u00edses que tenham afinidades connosco.\u201d<\/p>\n<p>\u201cA sexta prioridade \u00e9 apostar na sustentabilidade do territ\u00f3rio e das suas comunidades. O s\u00e9timo desafio \u00e9, em conjunto com as entidades oficiais, aumentar o investimento p\u00fablico no territ\u00f3rio. A regi\u00e3o Centro de Portugal ainda se debate com dificuldades a n\u00edvel da mobilidade, como a transforma\u00e7\u00e3o da IP3 em autoestrada, a conclus\u00e3o do IC6, a liga\u00e7\u00e3o Castelo Branco-C\u00e1ceres e a ferrovia\u201d, concluiu.<\/p>\n<p>Antes, o novo presidente da Assembleia Geral, Lu\u00eds Veiga, recordou o percurso de crescimento de notoriedade da regi\u00e3o e apelou para uma discrimina\u00e7\u00e3o positiva. \u201cHoje, a regi\u00e3o Centro de Portugal j\u00e1 \u00e9 conhecida e identificada por todos, mas ainda \u00e9 subalternizada pelas autoridades. Representamos um ter\u00e7o do pa\u00eds e merecemos mais reconhecimento\u201d, disse.<\/p>\n<p>\u00c9 a seguinte a composi\u00e7\u00e3o dos \u00f3rg\u00e3os sociais da ARPTC para o tri\u00e9nio 2022-24.<\/p>\n<p><strong>\u00a0 \u00a0 \u00a0 Dire\u00e7\u00e3o<\/strong><\/p>\n<p>Presidente: Pedro Manuel Monteiro Machado (Entidade Regional de Turismo do Centro de Portugal)<\/p>\n<p>Vice-presidente: Jorge Manuel da Silva Almeida \u201cLoureiro\u201d (AHRESP &#8211; Associa\u00e7\u00e3o da Hotelaria, Restaura\u00e7\u00e3o e Similares de Portugal)<\/p>\n<p>Vogais<br \/>\nJos\u00e9 Eduardo Arimateia Antunes (Empreendimentos Tur\u00edsticos Montebelo \u2013 Sociedade de Turismo e Recreio SA)<br \/>\nAlexandre Marto Pereira (F\u00e1tima Hotels Group)<br \/>\nV\u00edtor Jorge Paiva Leal (Termalistur \u2013 Termas de S. Pedro do Sul)<br \/>\nJos\u00e9 Francisco Tavares Rolo (ADIRAM \u2013 Associa\u00e7\u00e3o de Desenvolvimento Integrado da Rede de Aldeias de Montanha)<br \/>\nCristina Maria de Jesus Dur\u00e3es (Hotel Moliceiro)<br \/>\nLu\u00eds Miguel Rodrigo Sousinha (Hotel Mar\u00e9 &#8211; Ant\u00f3nio Carepa Sousinha &amp; Filhos Lda)<br \/>\nMaria Salom\u00e9 dos Santos Costa (Urbanskull Lda)<br \/>\nV\u00edtor Manuel Os\u00f3rio Gon\u00e7alves (Associa\u00e7\u00e3o Portuguesa das Ag\u00eancias de Viagem e Turismo)<br \/>\nPedro Orlando dos Santos Portugal (Guardian Sport Clube e BS Villas Explora\u00e7\u00e3o Tur\u00edstica Lda)<\/p>\n<p>Suplentes<br \/>\nNuno Manuel Gouveia Alegre (Alegre Hotel &#8211; Alegre Hotel Bussaco \u2013 Nuno Manuel Alegre)<br \/>\nVirg\u00edlio Mendes Porto (Espa\u00e7o Experi\u00eancias, Lda)<\/p>\n<p><strong>\u00a0 \u00a0 \u00a0Mesa da Assembleia-Geral<\/strong><\/p>\n<p>Presidente<br \/>\nAnt\u00f3nio Lu\u00eds Vaz da Veiga Cam\u00f5es (NATURA IMB HOTELS)<\/p>\n<p>Secret\u00e1ria<br \/>\nElsa Sofia Alves Mar\u00e7al (Turisert\u00e3, SA, Lugar de Santo Amaro)<\/p>\n<p>Vogal<br \/>\nAlexandre Pereira de Almeida (Hoteis Alexandre d\u2019 Almeida, Lda)<\/p>\n<p><strong>\u00a0 \u00a0 \u00a0Conselho Fiscal<\/strong><\/p>\n<p>Presidente<br \/>\nJo\u00e3o Paulo Rom\u00e3o de Faria e Sampaio (Marialvamed Turismo Hist\u00f3rico e Lazer Lda &#8211; Casas do Coro TER)<\/p>\n<p>1.\u00ba Vogal<br \/>\nH\u00e9lder Edgar Almeida (Restaurante Muralha da S\u00e9 \u2013 H\u00e9lder Edgar Almeida, Unipessoal Lda)<\/p>\n<p>2.\u00ba Vogal<br \/>\nPedro Jos\u00e9 de Sousa Brilhante Pedrosa (Y Travel Lda. \u2013 Empresa de Anima\u00e7\u00e3o Tur\u00edstica e Ag\u00eancia de Viagens e Turismo)<\/p>\n<p>Suplente<br \/>\nSerafim Nelson de Andrade Mota (Restaurante Casa Arouquesa &#8211; Alvarenbiff Lda)<\/p>\n<p><strong>Sobre o Turismo Centro de Portugal<\/strong><\/p>\n<p>O Turismo Centro de Portugal \u00e9 a entidade que estrutura e promove o turismo na Regi\u00e3o Centro do pa\u00eds. Esta \u00e9 a maior e mais diversificada \u00e1rea tur\u00edstica nacional, abrangendo 100 munic\u00edpios, e tem registado um intenso crescimento da procura interna e externa. \u00c9 a regi\u00e3o a escolher para quem pretende experi\u00eancias diversificadas, pois concilia locais Patrim\u00f3nio da Humanidade com a melhor costa de surf da Europa, termas e spas id\u00edlicos, locais de culto de import\u00e2ncia mundial e as mais belas aldeias.<\/p>\n<p><strong>\u00a0 \u00a0 \u00a0Fonte: TCP e PV<\/strong><\/p>\n","protected":false},"excerpt":{"rendered":"<p>Os novos \u00f3rg\u00e3os sociais da Ag\u00eancia Regional de Promo\u00e7\u00e3o Tur\u00edstica Centro de Portugal (ARPTC) tomaram posse esta segunda-feira, dia 7 de fevereiro, numa cerim\u00f3nia que decorreu no Montebelo Viseu Congress Hotel. A ARPTC \u00e9 uma entidade p\u00fablico-privada, sem fins lucrativos, que se destina \u00e0 promo\u00e7\u00e3o externa do territ\u00f3rio do Centro de Portugal. As elei\u00e7\u00f5es para [&hellip;]<\/p>\n","protected":false},"author":2,"featured_media":13525,"comment_status":"open","ping_status":"open","sticky":false,"template":"","format":"standard","meta":{"footnotes":""},"categories":[7],"tags":[],"class_list":["post-13521","post","type-post","status-publish","format-standard","has-post-thumbnail","hentry","category-economia"],"_links":{"self":[{"href":"https:\/\/tintafresca.net\/index.php\/wp-json\/wp\/v2\/posts\/13521","targetHints":{"allow":["GET"]}}],"collection":[{"href":"https:\/\/tintafresca.net\/index.php\/wp-json\/wp\/v2\/posts"}],"about":[{"href":"https:\/\/tintafresca.net\/index.php\/wp-json\/wp\/v2\/types\/post"}],"author":[{"embeddable":true,"href":"https:\/\/tintafresca.net\/index.php\/wp-json\/wp\/v2\/users\/2"}],"replies":[{"embeddable":true,"href":"https:\/\/tintafresca.net\/index.php\/wp-json\/wp\/v2\/comments?post=13521"}],"version-history":[{"count":2,"href":"https:\/\/tintafresca.net\/index.php\/wp-json\/wp\/v2\/posts\/13521\/revisions"}],"predecessor-version":[{"id":13526,"href":"https:\/\/tintafresca.net\/index.php\/wp-json\/wp\/v2\/posts\/13521\/revisions\/13526"}],"wp:featuredmedia":[{"embeddable":true,"href":"https:\/\/tintafresca.net\/index.php\/wp-json\/wp\/v2\/media\/13525"}],"wp:attachment":[{"href":"https:\/\/tintafresca.net\/index.php\/wp-json\/wp\/v2\/media?parent=13521"}],"wp:term":[{"taxonomy":"category","embeddable":true,"href":"https:\/\/tintafresca.net\/index.php\/wp-json\/wp\/v2\/categories?post=13521"},{"taxonomy":"post_tag","embeddable":true,"href":"https:\/\/tintafresca.net\/index.php\/wp-json\/wp\/v2\/tags?post=13521"}],"curies":[{"name":"wp","href":"https:\/\/api.w.org\/{rel}","templated":true}]}}