{"id":13545,"date":"2022-02-08T10:34:54","date_gmt":"2022-02-08T10:34:54","guid":{"rendered":"https:\/\/tintafresca.net\/?p=13545"},"modified":"2022-02-08T19:30:51","modified_gmt":"2022-02-08T19:30:51","slug":"municipios-da-regiao-de-leiria-avaliam-situacao-de-seca-na-proxima-semana","status":"publish","type":"post","link":"https:\/\/tintafresca.net\/index.php\/2022\/02\/08\/municipios-da-regiao-de-leiria-avaliam-situacao-de-seca-na-proxima-semana\/","title":{"rendered":"Munic\u00edpios da Regi\u00e3o de Leiria avaliam situa\u00e7\u00e3o de seca na pr\u00f3xima semana"},"content":{"rendered":"<div id=\"attachment_9530\" style=\"width: 362px\" class=\"wp-caption alignleft\"><img loading=\"lazy\" decoding=\"async\" aria-describedby=\"caption-attachment-9530\" class=\"wp-image-9530 size-full\" src=\"https:\/\/tintafresca.net\/wp-content\/uploads\/2021\/10\/Barragem_Castelo_do_Bode.png\" alt=\"\" width=\"352\" height=\"263\" srcset=\"https:\/\/tintafresca.net\/wp-content\/uploads\/2021\/10\/Barragem_Castelo_do_Bode.png 352w, https:\/\/tintafresca.net\/wp-content\/uploads\/2021\/10\/Barragem_Castelo_do_Bode-300x224.png 300w\" sizes=\"auto, (max-width: 352px) 100vw, 352px\" \/><p id=\"caption-attachment-9530\" class=\"wp-caption-text\">Barragem de Castelo do Bode<\/p><\/div>\n<p>A falta de \u00e1gua \u00e9 um problema que preocupa os dez munic\u00edpios da Comunidade Intermunicipal da Regi\u00e3o de Leiria, que come\u00e7am a sentir os efeitos do aumento da frequ\u00eancia e severidade das secas, associado \u00e0 diminui\u00e7\u00e3o da precipita\u00e7\u00e3o, pelo que no dia 15 de fevereiro ser\u00e3o avaliadas medidas conjuntas.<\/p>\n<p>Na primeira linha de preocupa\u00e7\u00f5es est\u00e1 a diminui\u00e7\u00e3o da disponibilidade h\u00eddrica decorrente da redu\u00e7\u00e3o da diminui\u00e7\u00e3o total, da precipita\u00e7\u00e3o nos \u00faltimos meses e do n\u00famero de dias com precipita\u00e7\u00e3o, com efeitos nefastos ao n\u00edvel das reservas de \u00e1gua e escassez de recursos h\u00eddricos para a atividade agr\u00edcola.<\/p>\n<p>Neste dom\u00ednio, a CIM da Regi\u00e3o de Leiria est\u00e1 a avaliar v\u00e1rias linhas de interven\u00e7\u00e3o preventiva, que passam, entre outras, pelo refor\u00e7o de infraestruturas municipais de reten\u00e7\u00e3o de \u00e1gua para uso agroflorestal; a amplia\u00e7\u00e3o de solu\u00e7\u00f5es de armazenamento; a dissemina\u00e7\u00e3o e sensibiliza\u00e7\u00e3o de cidad\u00e3os e demais stakeholders;\u00a0 o controlo de perdas reais e aparentes ao longo do processo de capta\u00e7\u00e3o, adu\u00e7\u00e3o e distribui\u00e7\u00e3o de \u00e1gua; e ainda medidas de melhoria das condi\u00e7\u00f5es dos sistemas de recolha, armazenamento, distribui\u00e7\u00e3o e reutiliza\u00e7\u00e3o de \u00e1gua.<\/p>\n<p>Note-se que neste \u00e2mbito, a CIM Regi\u00e3o de Leiria encontra-se numa fase de avan\u00e7ada implementa\u00e7\u00e3o do\u00a0<a href=\"https:\/\/pesipac.cimregiaodeleiria.pt\/\">Programa de Educa\u00e7\u00e3o, Sensibiliza\u00e7\u00e3o e Informa\u00e7\u00e3o P\u00fablica sobre Altera\u00e7\u00f5es Clim\u00e1ticas da Regi\u00e3o de Leiria<\/a>\u00a0(PESIPAC-RL), cofinanciado pelo Programa Operacional Sustentabilidade e Efici\u00eancia no Uso de Recursos (POSEUR) e tem por\u00a0objetivo\u00a0a\u00a0promo\u00e7\u00e3o do conhecimento e literacia da comunidade relativamente \u00e0s Altera\u00e7\u00f5es Clim\u00e1ticas, capacitando-a e sensibilizando-a para a ado\u00e7\u00e3o de medidas de autoprote\u00e7\u00e3o e de adapta\u00e7\u00e3o para fazer face aos riscos a que a Regi\u00e3o de Leiria se encontra particularmente exposta.<\/p>\n<p>No imediato, recomenda-se a ado\u00e7\u00e3o de medidas de poupan\u00e7a de \u00e1gua, na agricultura, designadamente com a redu\u00e7\u00e3o de consumos na rega das culturas e no cultivo de culturas menos consumidoras ou de ciclos curtos e, junto da popula\u00e7\u00e3o, ser\u00e3o incrementadas medidas de sensibiliza\u00e7\u00e3o para o uso racional de \u00e1gua em todas as habita\u00e7\u00f5es.<\/p>\n<p><strong> Fonte: CIMRL<\/strong><\/p>\n","protected":false},"excerpt":{"rendered":"<p>A falta de \u00e1gua \u00e9 um problema que preocupa os dez munic\u00edpios da Comunidade Intermunicipal da Regi\u00e3o de Leiria, que come\u00e7am a sentir os efeitos do aumento da frequ\u00eancia e severidade das secas, associado \u00e0 diminui\u00e7\u00e3o da precipita\u00e7\u00e3o, pelo que no dia 15 de fevereiro ser\u00e3o avaliadas medidas conjuntas. Na primeira linha de preocupa\u00e7\u00f5es est\u00e1 [&hellip;]<\/p>\n","protected":false},"author":2,"featured_media":13561,"comment_status":"open","ping_status":"open","sticky":false,"template":"","format":"standard","meta":{"footnotes":""},"categories":[9],"tags":[],"class_list":["post-13545","post","type-post","status-publish","format-standard","has-post-thumbnail","hentry","category-ambiente"],"_links":{"self":[{"href":"https:\/\/tintafresca.net\/index.php\/wp-json\/wp\/v2\/posts\/13545","targetHints":{"allow":["GET"]}}],"collection":[{"href":"https:\/\/tintafresca.net\/index.php\/wp-json\/wp\/v2\/posts"}],"about":[{"href":"https:\/\/tintafresca.net\/index.php\/wp-json\/wp\/v2\/types\/post"}],"author":[{"embeddable":true,"href":"https:\/\/tintafresca.net\/index.php\/wp-json\/wp\/v2\/users\/2"}],"replies":[{"embeddable":true,"href":"https:\/\/tintafresca.net\/index.php\/wp-json\/wp\/v2\/comments?post=13545"}],"version-history":[{"count":2,"href":"https:\/\/tintafresca.net\/index.php\/wp-json\/wp\/v2\/posts\/13545\/revisions"}],"predecessor-version":[{"id":13547,"href":"https:\/\/tintafresca.net\/index.php\/wp-json\/wp\/v2\/posts\/13545\/revisions\/13547"}],"wp:featuredmedia":[{"embeddable":true,"href":"https:\/\/tintafresca.net\/index.php\/wp-json\/wp\/v2\/media\/13561"}],"wp:attachment":[{"href":"https:\/\/tintafresca.net\/index.php\/wp-json\/wp\/v2\/media?parent=13545"}],"wp:term":[{"taxonomy":"category","embeddable":true,"href":"https:\/\/tintafresca.net\/index.php\/wp-json\/wp\/v2\/categories?post=13545"},{"taxonomy":"post_tag","embeddable":true,"href":"https:\/\/tintafresca.net\/index.php\/wp-json\/wp\/v2\/tags?post=13545"}],"curies":[{"name":"wp","href":"https:\/\/api.w.org\/{rel}","templated":true}]}}