{"id":13548,"date":"2022-02-08T18:34:47","date_gmt":"2022-02-08T18:34:47","guid":{"rendered":"https:\/\/tintafresca.net\/?p=13548"},"modified":"2022-02-08T18:39:47","modified_gmt":"2022-02-08T18:39:47","slug":"municipio-de-leiria-vai-usar-saldo-de-407-milhoes-para-responder-a-crise-energetica-e-novos-investimentos","status":"publish","type":"post","link":"https:\/\/tintafresca.net\/index.php\/2022\/02\/08\/municipio-de-leiria-vai-usar-saldo-de-407-milhoes-para-responder-a-crise-energetica-e-novos-investimentos\/","title":{"rendered":"Munic\u00edpio de Leiria vai usar saldo de 40,7 milh\u00f5es para responder \u00e0 crise energ\u00e9tica e para investir"},"content":{"rendered":"<div id=\"attachment_10489\" style=\"width: 510px\" class=\"wp-caption alignleft\"><img loading=\"lazy\" decoding=\"async\" aria-describedby=\"caption-attachment-10489\" class=\"wp-image-10489 size-full\" src=\"https:\/\/tintafresca.net\/wp-content\/uploads\/2021\/11\/Leiria_Camara.jpg\" alt=\"\" width=\"500\" height=\"666\" srcset=\"https:\/\/tintafresca.net\/wp-content\/uploads\/2021\/11\/Leiria_Camara.jpg 500w, https:\/\/tintafresca.net\/wp-content\/uploads\/2021\/11\/Leiria_Camara-225x300.jpg 225w\" sizes=\"auto, (max-width: 500px) 100vw, 500px\" \/><p id=\"caption-attachment-10489\" class=\"wp-caption-text\">Sede da C\u00e2mara Municipal de Leiria<\/p><\/div>\n<p>A C\u00e2mara Municipal de Leiria aprovou esta ter\u00e7a-feira, dia 8 de fevereiro, a introdu\u00e7\u00e3o do saldo de ger\u00eancia, no valor de 40,7 milh\u00f5es de euros (ME), no or\u00e7amento do Munic\u00edpio, uma verba que vai dar resposta ao dr\u00e1stico aumento de custos energ\u00e9ticos que o Munic\u00edpio vai ter de suportar, fruto da atual crise, permitindo ainda dar continuidade a um importante conjunto de investimentos no concelho.<\/p>\n<p>A proposta, que ter\u00e1 ainda de ser submetida a vota\u00e7\u00e3o pela Assembleia Municipal, foi aprovada sem votos contra, tendo recebido votos favor\u00e1veis dos eleitos do PS e a absten\u00e7\u00e3o dos eleitos do PSD, configurando uma redu\u00e7\u00e3o de oito por cento face ao saldo de ger\u00eancia do \u00faltimo exerc\u00edcio.<\/p>\n<p>Uma das parcelas que regista um dos mais expressivos aumentos \u00e9 relativa \u00e0 fatura de eletricidade, que sobre de 3,1 para 9,6 milh\u00f5es de euros, uma subida de 6.4 milh\u00f5es de euros resultante da crise energ\u00e9tica, verificando-se igualmente um acr\u00e9scimo na aquisi\u00e7\u00e3o de servi\u00e7os de limpeza e higiene p\u00fablica, com mais 2,8 milh\u00f5es de euros, tendo o presidente da C\u00e2mara Municipal de Leiria, Gon\u00e7alo Lopes, anunciado que o Munic\u00edpio vai avan\u00e7ar com medidas de conten\u00e7\u00e3o da despesa corrente, mas sem comprometer a presta\u00e7\u00e3o de servi\u00e7o p\u00fablico de qualidade.<\/p>\n<p>No que diz respeito \u00e0 despesa de capital, destacam-se diversos investimentos que viram a dota\u00e7\u00e3o financeira refor\u00e7ada, nomeadamente o Centro Associativo e de Neg\u00f3cios &#8211; Topo Norte do Est\u00e1dio, a Bacia Hidrogr\u00e1fica do Rio Lis, a rede vi\u00e1ria municipal, gest\u00e3o de combust\u00edveis, constru\u00e7\u00e3o de ciclovias, mas tamb\u00e9m nas \u00e1reas do desporto e sa\u00fade, com um montante na ordem dos 15 milh\u00f5es de euros.<\/p>\n<p>Refira-se que o saldo de ger\u00eancia resulta da diferen\u00e7a entre as import\u00e2ncias arrecadadas e os pagamentos ocorridos durante o exerc\u00edcio econ\u00f3mico de 2021, sendo que a sua introdu\u00e7\u00e3o eleva o montante do Or\u00e7amento do Munic\u00edpio de 93,1 para 133,8 milh\u00f5es de euros.<\/p>\n","protected":false},"excerpt":{"rendered":"<p>A C\u00e2mara Municipal de Leiria aprovou esta ter\u00e7a-feira, dia 8 de fevereiro, a introdu\u00e7\u00e3o do saldo de ger\u00eancia, no valor de 40,7 milh\u00f5es de euros (ME), no or\u00e7amento do Munic\u00edpio, uma verba que vai dar resposta ao dr\u00e1stico aumento de custos energ\u00e9ticos que o Munic\u00edpio vai ter de suportar, fruto da atual crise, permitindo ainda [&hellip;]<\/p>\n","protected":false},"author":2,"featured_media":10490,"comment_status":"open","ping_status":"open","sticky":false,"template":"","format":"standard","meta":{"footnotes":""},"categories":[7],"tags":[],"class_list":["post-13548","post","type-post","status-publish","format-standard","has-post-thumbnail","hentry","category-economia"],"_links":{"self":[{"href":"https:\/\/tintafresca.net\/index.php\/wp-json\/wp\/v2\/posts\/13548","targetHints":{"allow":["GET"]}}],"collection":[{"href":"https:\/\/tintafresca.net\/index.php\/wp-json\/wp\/v2\/posts"}],"about":[{"href":"https:\/\/tintafresca.net\/index.php\/wp-json\/wp\/v2\/types\/post"}],"author":[{"embeddable":true,"href":"https:\/\/tintafresca.net\/index.php\/wp-json\/wp\/v2\/users\/2"}],"replies":[{"embeddable":true,"href":"https:\/\/tintafresca.net\/index.php\/wp-json\/wp\/v2\/comments?post=13548"}],"version-history":[{"count":5,"href":"https:\/\/tintafresca.net\/index.php\/wp-json\/wp\/v2\/posts\/13548\/revisions"}],"predecessor-version":[{"id":13553,"href":"https:\/\/tintafresca.net\/index.php\/wp-json\/wp\/v2\/posts\/13548\/revisions\/13553"}],"wp:featuredmedia":[{"embeddable":true,"href":"https:\/\/tintafresca.net\/index.php\/wp-json\/wp\/v2\/media\/10490"}],"wp:attachment":[{"href":"https:\/\/tintafresca.net\/index.php\/wp-json\/wp\/v2\/media?parent=13548"}],"wp:term":[{"taxonomy":"category","embeddable":true,"href":"https:\/\/tintafresca.net\/index.php\/wp-json\/wp\/v2\/categories?post=13548"},{"taxonomy":"post_tag","embeddable":true,"href":"https:\/\/tintafresca.net\/index.php\/wp-json\/wp\/v2\/tags?post=13548"}],"curies":[{"name":"wp","href":"https:\/\/api.w.org\/{rel}","templated":true}]}}