{"id":13554,"date":"2022-02-08T19:00:24","date_gmt":"2022-02-08T19:00:24","guid":{"rendered":"https:\/\/tintafresca.net\/?p=13554"},"modified":"2022-02-08T19:08:18","modified_gmt":"2022-02-08T19:08:18","slug":"periodo-de-discussao-publica-da-revisao-do-pdm-de-alcobaca-abre-a-14-de-fevereiro","status":"publish","type":"post","link":"https:\/\/tintafresca.net\/index.php\/2022\/02\/08\/periodo-de-discussao-publica-da-revisao-do-pdm-de-alcobaca-abre-a-14-de-fevereiro\/","title":{"rendered":"Per\u00edodo de discuss\u00e3o p\u00fablica da revis\u00e3o do PDM de Alcoba\u00e7a abre a 14 de fevereiro"},"content":{"rendered":"<div id=\"attachment_13557\" style=\"width: 510px\" class=\"wp-caption alignleft\"><img loading=\"lazy\" decoding=\"async\" aria-describedby=\"caption-attachment-13557\" class=\"wp-image-13557\" src=\"https:\/\/tintafresca.net\/wp-content\/uploads\/2022\/02\/Alcobaca_Cidade.jpg\" alt=\"\" width=\"500\" height=\"333\" \/><p id=\"caption-attachment-13557\" class=\"wp-caption-text\">Cidade de Alcoba\u00e7a<\/p><\/div>\n<p>A Proposta de Revis\u00e3o do Plano Diretor Municipal de Alcoba\u00e7a estar\u00e1 em discuss\u00e3o p\u00fablica a partir da pr\u00f3xima segunda-feira, 14 de fevereiro, at\u00e9 ao pr\u00f3ximo dia 19 de abril.<\/p>\n<p>A documenta\u00e7\u00e3o estar\u00e1 dispon\u00edvel para consulta de todos os interessados durante 45 dias (de 14 de fevereiro a 19 de abril), nos dias \u00fateis, das 9h30 \u00e0s 17h nos seguintes locais: no espa\u00e7o da Biblioteca Digital, situado no Jardim do Tribunal de Alcoba\u00e7a, na Pra\u00e7a Jo\u00e3o de Deus Ramos, em todas as Juntas de Freguesia do concelho e no site oficial do Munic\u00edpio.<\/p>\n<p>Os interessados poder\u00e3o apresentar eventuais sugest\u00f5es e ou pedidos de esclarecimento sobre quaisquer quest\u00f5es que possam ser consideradas no \u00e2mbito deste procedimento, por escrito em documento pr\u00f3prio a disponibilizar pelo munic\u00edpio e dentro do per\u00edodo atr\u00e1s referido, atrav\u00e9s dos correios, entregues diretamente no espa\u00e7o de atendimento acima referido, ou para o seguinte endere\u00e7o de correio eletr\u00f3nico: ordenamento@cm-alcobaca.pt.<\/p>\n<p>Mais se informa que durante o per\u00edodo de discuss\u00e3o p\u00fablica, ser\u00e3o realizadas sess\u00f5es de esclarecimento em datas e locais a anunciar.<\/p>\n<p>&#8220;A proposta de revis\u00e3o do PDM \u00e9 um momento hist\u00f3rico para o concelho de Alcoba\u00e7a. Esta \u00e9 a grande oportunidade dos mun\u00edcipes poderem contribuir para uma melhor gest\u00e3o do territ\u00f3rio, organiza\u00e7\u00e3o do tecido empresarial, investimentos imobili\u00e1rios, entre muitos outros par\u00e2metros essenciais. Convido todos os interessados a prestarem o seu contributo atrav\u00e9s dos meios disponibilizados para que o concelho de Alcoba\u00e7a se possa desenvolver \u00e0 medida das pretens\u00f5es da nossa comunidade&#8221;, destaca o presidente da C\u00e2mara Municipal de Alcoba\u00e7a, Herm\u00ednio Rodrigues.<\/p>\n<p>O Plano Diretor Municipal de Alcoba\u00e7a em vigor, elaborado ao abrigo do Decreto Lei n\u00ba 69\/90 de 2 de mar\u00e7o, foi aprovado pela Assembleia Municipal de Alcoba\u00e7a a 11 de outubro de 1996 e ratificado atrav\u00e9s da Resolu\u00e7\u00e3o do Conselho de Ministros n\u00ba 177\/97 de 25 de setembro, publicada no Di\u00e1rio da Rep\u00fablica I s\u00e9rie B, n\u00ba 248 de 25 de Outubro de 1997.<\/p>\n<p>Localiza\u00e7\u00e3o da Biblioteca Digital de Alcoba\u00e7a &#8211;\u00a0<a href=\"https:\/\/bit.ly\/3JcU4Ok\">https:\/\/bit.ly\/3JcU4Ok<\/a><\/p>\n","protected":false},"excerpt":{"rendered":"<p>A Proposta de Revis\u00e3o do Plano Diretor Municipal de Alcoba\u00e7a estar\u00e1 em discuss\u00e3o p\u00fablica a partir da pr\u00f3xima segunda-feira, 14 de fevereiro, at\u00e9 ao pr\u00f3ximo dia 19 de abril. A documenta\u00e7\u00e3o estar\u00e1 dispon\u00edvel para consulta de todos os interessados durante 45 dias (de 14 de fevereiro a 19 de abril), nos dias \u00fateis, das 9h30 [&hellip;]<\/p>\n","protected":false},"author":2,"featured_media":13558,"comment_status":"open","ping_status":"open","sticky":false,"template":"","format":"standard","meta":{"footnotes":""},"categories":[9],"tags":[],"class_list":["post-13554","post","type-post","status-publish","format-standard","has-post-thumbnail","hentry","category-ambiente"],"_links":{"self":[{"href":"https:\/\/tintafresca.net\/index.php\/wp-json\/wp\/v2\/posts\/13554","targetHints":{"allow":["GET"]}}],"collection":[{"href":"https:\/\/tintafresca.net\/index.php\/wp-json\/wp\/v2\/posts"}],"about":[{"href":"https:\/\/tintafresca.net\/index.php\/wp-json\/wp\/v2\/types\/post"}],"author":[{"embeddable":true,"href":"https:\/\/tintafresca.net\/index.php\/wp-json\/wp\/v2\/users\/2"}],"replies":[{"embeddable":true,"href":"https:\/\/tintafresca.net\/index.php\/wp-json\/wp\/v2\/comments?post=13554"}],"version-history":[{"count":4,"href":"https:\/\/tintafresca.net\/index.php\/wp-json\/wp\/v2\/posts\/13554\/revisions"}],"predecessor-version":[{"id":13560,"href":"https:\/\/tintafresca.net\/index.php\/wp-json\/wp\/v2\/posts\/13554\/revisions\/13560"}],"wp:featuredmedia":[{"embeddable":true,"href":"https:\/\/tintafresca.net\/index.php\/wp-json\/wp\/v2\/media\/13558"}],"wp:attachment":[{"href":"https:\/\/tintafresca.net\/index.php\/wp-json\/wp\/v2\/media?parent=13554"}],"wp:term":[{"taxonomy":"category","embeddable":true,"href":"https:\/\/tintafresca.net\/index.php\/wp-json\/wp\/v2\/categories?post=13554"},{"taxonomy":"post_tag","embeddable":true,"href":"https:\/\/tintafresca.net\/index.php\/wp-json\/wp\/v2\/tags?post=13554"}],"curies":[{"name":"wp","href":"https:\/\/api.w.org\/{rel}","templated":true}]}}