{"id":13573,"date":"2022-02-09T11:59:37","date_gmt":"2022-02-09T11:59:37","guid":{"rendered":"https:\/\/tintafresca.net\/?p=13573"},"modified":"2022-02-09T12:19:48","modified_gmt":"2022-02-09T12:19:48","slug":"municipio-de-leiria-lanca-32-medidas-de-prevencao-e-combate-a-seca","status":"publish","type":"post","link":"https:\/\/tintafresca.net\/index.php\/2022\/02\/09\/municipio-de-leiria-lanca-32-medidas-de-prevencao-e-combate-a-seca\/","title":{"rendered":"Munic\u00edpio de Leiria lan\u00e7a 32 medidas de combate e preven\u00e7\u00e3o da seca"},"content":{"rendered":"<div id=\"attachment_13575\" style=\"width: 510px\" class=\"wp-caption alignleft\"><img loading=\"lazy\" decoding=\"async\" aria-describedby=\"caption-attachment-13575\" class=\"wp-image-13575 size-full\" src=\"https:\/\/tintafresca.net\/wp-content\/uploads\/2022\/02\/Leiria_polis10.jpg\" alt=\"\" width=\"500\" height=\"281\" \/><p id=\"caption-attachment-13575\" class=\"wp-caption-text\">Parque Polis de Leiria<\/p><\/div>\n<p>O presidente da C\u00e2mara Municipal de Leiria, Gon\u00e7alo Lopes, anunciou esta ter\u00e7a-feira, dia 8 de novembro, na reuni\u00e3o do Executivo, o Plano Municipal de Gest\u00e3o da \u00c1gua para 2022, um documento que enumera 32 a\u00e7\u00f5es de preven\u00e7\u00e3o ao gasto e consumo excessivo de \u00e1gua e de combate \u00e0 atual situa\u00e7\u00e3o de seca que o pa\u00eds enfrenta.<\/p>\n<p>Das medidas apresentadas, destaca-se a elabora\u00e7\u00e3o de um Plano de Preven\u00e7\u00e3o, Monitoriza\u00e7\u00e3o e Conting\u00eancia para Situa\u00e7\u00f5es de Seca, a avalia\u00e7\u00e3o, de forma cont\u00ednua e rigorosa, as disponibilidades h\u00eddricas existentes e o acompanhamento e controlo da qualidade ambiental do concelho, atrav\u00e9s de a\u00e7\u00f5es de fiscaliza\u00e7\u00e3o preventiva e de inspe\u00e7\u00e3o de capta\u00e7\u00f5es ilegais.<\/p>\n<p>Ao n\u00edvel da preven\u00e7\u00e3o, foi inclu\u00edda ainda a realiza\u00e7\u00e3o de um invent\u00e1rio dos recursos dispon\u00edveis no concelho, que poder\u00e3o ser mobiliz\u00e1veis em caso de agravamento da situa\u00e7\u00e3o.<\/p>\n<p>Quanto aos espa\u00e7os p\u00fablicos, ser\u00e3o utilizadas fontes alternativas para rega de jardins e zonas verdes, como \u00e1guas pluviais ou residuais tratadas, e ser\u00e3o tamb\u00e9m adotadas boas pr\u00e1ticas, atrav\u00e9s da programa\u00e7\u00e3o da rega para per\u00edodos noturnos e do recurso a sistemas inteligentes, para al\u00e9m de se procurar evitar a lavagem de ruas com recurso a \u00e1gua pot\u00e1vel e garantir uma utiliza\u00e7\u00e3o sustent\u00e1vel atrav\u00e9s do licenciamento, nomeadamente em zonas de escassez h\u00eddrica.<\/p>\n<p>Perante uma eventual situa\u00e7\u00e3o de falta de \u00e1gua, os agricultores ser\u00e3o chamados a participar nas decis\u00f5es de mudan\u00e7a na programa\u00e7\u00e3o da distribui\u00e7\u00e3o, devendo os bombeiros utilizar fontes alternativas para as miss\u00f5es de prote\u00e7\u00e3o e socorro, como seja o combate a inc\u00eandios, bem como recorrer aos locais a inventariar para uso de recurso a a\u00e7\u00f5es de prote\u00e7\u00e3o civil.<\/p>\n<p>Competir\u00e1 aos Servi\u00e7os Municipalizados de \u00c1gua e Saneamento monitorizar e controlar as perdas de \u00e1gua e emitir de forma peri\u00f3dica recomenda\u00e7\u00f5es sobre boas pr\u00e1ticas e conselhos com vista \u00e0 racionaliza\u00e7\u00e3o de consumos e \u00e0 poupan\u00e7a da \u00e1gua, iniciativa que ser\u00e1 complementada com uma campanha de sensibiliza\u00e7\u00e3o direcionada a diversos p\u00fablicos.<\/p>\n<p><strong> \u00a0 Fonte: GRPG|CML<\/strong><\/p>\n","protected":false},"excerpt":{"rendered":"<p>O presidente da C\u00e2mara Municipal de Leiria, Gon\u00e7alo Lopes, anunciou esta ter\u00e7a-feira, dia 8 de novembro, na reuni\u00e3o do Executivo, o Plano Municipal de Gest\u00e3o da \u00c1gua para 2022, um documento que enumera 32 a\u00e7\u00f5es de preven\u00e7\u00e3o ao gasto e consumo excessivo de \u00e1gua e de combate \u00e0 atual situa\u00e7\u00e3o de seca que o pa\u00eds [&hellip;]<\/p>\n","protected":false},"author":2,"featured_media":13576,"comment_status":"open","ping_status":"open","sticky":false,"template":"","format":"standard","meta":{"footnotes":""},"categories":[9],"tags":[],"class_list":["post-13573","post","type-post","status-publish","format-standard","has-post-thumbnail","hentry","category-ambiente"],"_links":{"self":[{"href":"https:\/\/tintafresca.net\/index.php\/wp-json\/wp\/v2\/posts\/13573","targetHints":{"allow":["GET"]}}],"collection":[{"href":"https:\/\/tintafresca.net\/index.php\/wp-json\/wp\/v2\/posts"}],"about":[{"href":"https:\/\/tintafresca.net\/index.php\/wp-json\/wp\/v2\/types\/post"}],"author":[{"embeddable":true,"href":"https:\/\/tintafresca.net\/index.php\/wp-json\/wp\/v2\/users\/2"}],"replies":[{"embeddable":true,"href":"https:\/\/tintafresca.net\/index.php\/wp-json\/wp\/v2\/comments?post=13573"}],"version-history":[{"count":6,"href":"https:\/\/tintafresca.net\/index.php\/wp-json\/wp\/v2\/posts\/13573\/revisions"}],"predecessor-version":[{"id":13581,"href":"https:\/\/tintafresca.net\/index.php\/wp-json\/wp\/v2\/posts\/13573\/revisions\/13581"}],"wp:featuredmedia":[{"embeddable":true,"href":"https:\/\/tintafresca.net\/index.php\/wp-json\/wp\/v2\/media\/13576"}],"wp:attachment":[{"href":"https:\/\/tintafresca.net\/index.php\/wp-json\/wp\/v2\/media?parent=13573"}],"wp:term":[{"taxonomy":"category","embeddable":true,"href":"https:\/\/tintafresca.net\/index.php\/wp-json\/wp\/v2\/categories?post=13573"},{"taxonomy":"post_tag","embeddable":true,"href":"https:\/\/tintafresca.net\/index.php\/wp-json\/wp\/v2\/tags?post=13573"}],"curies":[{"name":"wp","href":"https:\/\/api.w.org\/{rel}","templated":true}]}}