{"id":13617,"date":"2022-02-10T11:07:49","date_gmt":"2022-02-10T11:07:49","guid":{"rendered":"https:\/\/tintafresca.net\/?p=13617"},"modified":"2022-02-10T11:15:38","modified_gmt":"2022-02-10T11:15:38","slug":"camara-de-ourem-aprova-adjudicacao-da-area-de-acolhimento-empresarial-de-freixianda","status":"publish","type":"post","link":"https:\/\/tintafresca.net\/index.php\/2022\/02\/10\/camara-de-ourem-aprova-adjudicacao-da-area-de-acolhimento-empresarial-de-freixianda\/","title":{"rendered":"C\u00e2mara de Our\u00e9m aprova adjudica\u00e7\u00e3o da \u00c1rea de Acolhimento Empresarial de Freixianda"},"content":{"rendered":"<div id=\"attachment_9465\" style=\"width: 462px\" class=\"wp-caption alignleft\"><img loading=\"lazy\" decoding=\"async\" aria-describedby=\"caption-attachment-9465\" class=\"wp-image-9465 size-full\" src=\"https:\/\/tintafresca.net\/wp-content\/uploads\/2021\/10\/Ourem_Pacos_do_concelho.jpg\" alt=\"\" width=\"452\" height=\"300\" srcset=\"https:\/\/tintafresca.net\/wp-content\/uploads\/2021\/10\/Ourem_Pacos_do_concelho.jpg 452w, https:\/\/tintafresca.net\/wp-content\/uploads\/2021\/10\/Ourem_Pacos_do_concelho-300x199.jpg 300w\" sizes=\"auto, (max-width: 452px) 100vw, 452px\" \/><p id=\"caption-attachment-9465\" class=\"wp-caption-text\">Sede da C\u00e2mara Municipal de Our\u00e9m<\/p><\/div>\n<p>Foi submetido a aprova\u00e7\u00e3o, na Reuni\u00e3o de C\u00e2mara de 7 de fevereiro, o Relat\u00f3rio final que prop\u00f4s a adjudica\u00e7\u00e3o da Constru\u00e7\u00e3o da futura \u00c1rea de Acolhimento Empresarial (AAE) de Freixianda \u00e0 empresa Civib\u00e9rica \u2013 Obras Civis, SA, pelo valor de 3 milh\u00f5es e 788 mil euros.<\/p>\n<p>A AAE de Freixianda ficar\u00e1 localizada na localidade de Valongo, abrangendo uma \u00e1rea superior a 10 hectares, na qual ser\u00e3o erigidos 23 lotes destinados \u00e0 implementa\u00e7\u00e3o de empresas.<\/p>\n<p>Do valor global de investimento, 3 milh\u00f5es de euros s\u00e3o provenientes de uma candidatura pr\u00e9via, j\u00e1 aprovada, a um fundo comunit\u00e1rio de apoio \u00e0 localiza\u00e7\u00e3o de empresas, com o intuito de reduzir o esfor\u00e7o municipal para o valor de 788 mil euros.<\/p>\n<p>Lu\u00eds Miguel Albuquerque definiu esta aprova\u00e7\u00e3o como \u201cum passo significativo para a concretiza\u00e7\u00e3o de uma interven\u00e7\u00e3o que temos vindo a defender desde o in\u00edcio do nosso mandato. Os passos seguintes ser\u00e3o assinatura do contrato, garantias banc\u00e1rias, submiss\u00e3o do processo ao tribunal de contas (\u2026). pensamos que antes do ver\u00e3o teremos condi\u00e7\u00f5es para iniciar a obra (\u2026) quando apresent\u00e1mos a candidatura junt\u00e1mos cerca de 30 manifesta\u00e7\u00f5es de interesse por parte de empresas para se instalarem nesse local, algo que nos deixou confiantes que esta infraestrutura pode contribuir decisivamente para a cria\u00e7\u00e3o de centenas de postos de trabalhado, privilegiando a fixa\u00e7\u00e3o de fam\u00edlias no Norte do Concelho\u201d.<\/p>\n<p><strong>\u00a0 \u00a0 Fonte: GIC|CMO<\/strong><\/p>\n","protected":false},"excerpt":{"rendered":"<p>Foi submetido a aprova\u00e7\u00e3o, na Reuni\u00e3o de C\u00e2mara de 7 de fevereiro, o Relat\u00f3rio final que prop\u00f4s a adjudica\u00e7\u00e3o da Constru\u00e7\u00e3o da futura \u00c1rea de Acolhimento Empresarial (AAE) de Freixianda \u00e0 empresa Civib\u00e9rica \u2013 Obras Civis, SA, pelo valor de 3 milh\u00f5es e 788 mil euros. A AAE de Freixianda ficar\u00e1 localizada na localidade de [&hellip;]<\/p>\n","protected":false},"author":2,"featured_media":13620,"comment_status":"open","ping_status":"open","sticky":false,"template":"","format":"standard","meta":{"footnotes":""},"categories":[7],"tags":[],"class_list":["post-13617","post","type-post","status-publish","format-standard","has-post-thumbnail","hentry","category-economia"],"_links":{"self":[{"href":"https:\/\/tintafresca.net\/index.php\/wp-json\/wp\/v2\/posts\/13617","targetHints":{"allow":["GET"]}}],"collection":[{"href":"https:\/\/tintafresca.net\/index.php\/wp-json\/wp\/v2\/posts"}],"about":[{"href":"https:\/\/tintafresca.net\/index.php\/wp-json\/wp\/v2\/types\/post"}],"author":[{"embeddable":true,"href":"https:\/\/tintafresca.net\/index.php\/wp-json\/wp\/v2\/users\/2"}],"replies":[{"embeddable":true,"href":"https:\/\/tintafresca.net\/index.php\/wp-json\/wp\/v2\/comments?post=13617"}],"version-history":[{"count":2,"href":"https:\/\/tintafresca.net\/index.php\/wp-json\/wp\/v2\/posts\/13617\/revisions"}],"predecessor-version":[{"id":13619,"href":"https:\/\/tintafresca.net\/index.php\/wp-json\/wp\/v2\/posts\/13617\/revisions\/13619"}],"wp:featuredmedia":[{"embeddable":true,"href":"https:\/\/tintafresca.net\/index.php\/wp-json\/wp\/v2\/media\/13620"}],"wp:attachment":[{"href":"https:\/\/tintafresca.net\/index.php\/wp-json\/wp\/v2\/media?parent=13617"}],"wp:term":[{"taxonomy":"category","embeddable":true,"href":"https:\/\/tintafresca.net\/index.php\/wp-json\/wp\/v2\/categories?post=13617"},{"taxonomy":"post_tag","embeddable":true,"href":"https:\/\/tintafresca.net\/index.php\/wp-json\/wp\/v2\/tags?post=13617"}],"curies":[{"name":"wp","href":"https:\/\/api.w.org\/{rel}","templated":true}]}}