{"id":1371,"date":"2021-02-12T14:15:06","date_gmt":"2021-02-12T14:15:06","guid":{"rendered":"https:\/\/tintafresca.net\/?p=1371"},"modified":"2021-02-12T14:17:06","modified_gmt":"2021-02-12T14:17:06","slug":"camara-de-porto-de-mos-e-assimagra-lancam-projeto-de-reabilitacao-ambiental-de-pedreira","status":"publish","type":"post","link":"https:\/\/tintafresca.net\/index.php\/2021\/02\/12\/camara-de-porto-de-mos-e-assimagra-lancam-projeto-de-reabilitacao-ambiental-de-pedreira\/","title":{"rendered":"C\u00e2mara de Porto de M\u00f3s e ASSIMAGRA lan\u00e7am projeto de reabilita\u00e7\u00e3o ambiental de antiga pedreira"},"content":{"rendered":"<div id=\"attachment_1373\" style=\"width: 510px\" class=\"wp-caption alignleft\"><img loading=\"lazy\" decoding=\"async\" aria-describedby=\"caption-attachment-1373\" class=\"wp-image-1373 size-full\" src=\"https:\/\/tintafresca.net\/wp-content\/uploads\/2021\/02\/PM_pedreira30.jpg\" alt=\"\" width=\"500\" height=\"375\" \/><p id=\"caption-attachment-1373\" class=\"wp-caption-text\">Pedreira junto \u00e0 vila de Porto de M\u00f3s<\/p><\/div>\n<p>Pedreira junto \u00e0 vila de Porto de M\u00f3s Gra\u00e7as ao esfor\u00e7o da Junta de Freguesia de Porto de M\u00f3s, e com o apoio da C\u00e2mara Municipal, foi poss\u00edvel suspender a licen\u00e7a de explora\u00e7\u00e3o de uma pedreira que deixou de estar em atividade por insolv\u00eancia da empresa. Esta suspens\u00e3o era essencial para que as Autarquias pudessem enveredar os esfor\u00e7os necess\u00e1rios para dar in\u00edcio ao processo de recupera\u00e7\u00e3o ambiental e paisag\u00edstica daquele espa\u00e7o.<\/p>\n<p>Nasceu, assim, a parceria entre a Junta de Freguesia, C\u00e2mara Municipal e a ASSIMAGRA, a associa\u00e7\u00e3o que representa o sector dos recursos minerais em Portugal, a qual ter\u00e1 a responsabilidade de criar o projeto de recupera\u00e7\u00e3o e de o submeter \u00e0 aprova\u00e7\u00e3o do ICNF \u2013 Instituto da Conserva\u00e7\u00e3o da Natureza e das Florestas. O projeto ter\u00e1, tamb\u00e9m, de ter o aval da DGEG \u2013 Dire\u00e7\u00e3o Geral de Energia e Geologia, uma vez que a recupera\u00e7\u00e3o ser\u00e1 feita, entre outros, atrav\u00e9s de inertes de outras produ\u00e7\u00f5es extrativas, um processo que requer o devido licenciamento.<\/p>\n<p>O projeto, que tem uma previs\u00e3o de conclus\u00e3o de aproximadamente 10 anos, tem previsto o seu financiamento atrav\u00e9s da cau\u00e7\u00e3o prevista na lei, que \u00e9 deixada pela empresa e, ainda, atrav\u00e9s do apoio das empresas associadas da ASSIMAGRA que, assim, contribuem solidariamente para a recupera\u00e7\u00e3o de um territ\u00f3rio que, outrora, foi relevante para o sector e que, agora, precisa de ser devolvido \u00e0 natureza.<\/p>\n<p>Este tipo de projeto n\u00e3o \u00e9, ali\u00e1s, o primeiro a ser implementado com esta configura\u00e7\u00e3o de esfor\u00e7os. No in\u00edcio do ano passado, o Munic\u00edpio de Porto de M\u00f3s e a ASSIMAGRA celebraram a conclus\u00e3o da recupera\u00e7\u00e3o de um antigo aterro de inertes com a planta\u00e7\u00e3o de 2020 \u00e1rvores.<\/p>\n<p>Para Jorge Vala, presidente da C\u00e2mara Municipal de Porto de M\u00f3s, \u201ceste projeto de recupera\u00e7\u00e3o ambiental e paisag\u00edstico \u00e9 muito importante porque vem reparar uma ferida que t\u00ednhamos no nosso territ\u00f3rio. \u00c9 um projeto de longo prazo, mas fundamental para garantirmos um ambiente melhor para as futuras gera\u00e7\u00f5es.\u201d<\/p>\n<p>Manuel Barroso, presidente da Junta de Freguesia de Porto de M\u00f3s, afirma que \u201c o dif\u00edcil processo de suspens\u00e3o da licen\u00e7a est\u00e1 finalmente conclu\u00eddo e agora o mais importante \u00e9 partirmos para a recupera\u00e7\u00e3o daquele espa\u00e7o\u201d.<\/p>\n<p>Por sua vez, C\u00e9lia Marques, vice-presidente executiva da ASSIMAGRA refere que \u201ceste \u00e9 um bom exemplo do compromisso da nossa ind\u00fastria com os territ\u00f3rios onde opera e de como pode fazer a diferen\u00e7a em termos ambientais. Queremos deixar uma marca positiva atrav\u00e9s da recupera\u00e7\u00e3o de uma antiga zona de produ\u00e7\u00e3o, que vai ganhar uma nova vida com o projeto de recupera\u00e7\u00e3o ambiental que vamos empreender.\u201d<\/p>\n","protected":false},"excerpt":{"rendered":"<p>Pedreira junto \u00e0 vila de Porto de M\u00f3s Gra\u00e7as ao esfor\u00e7o da Junta de Freguesia de Porto de M\u00f3s, e com o apoio da C\u00e2mara Municipal, foi poss\u00edvel suspender a licen\u00e7a de explora\u00e7\u00e3o de uma pedreira que deixou de estar em atividade por insolv\u00eancia da empresa. Esta suspens\u00e3o era essencial para que as Autarquias pudessem [&hellip;]<\/p>\n","protected":false},"author":2,"featured_media":1374,"comment_status":"open","ping_status":"open","sticky":false,"template":"","format":"standard","meta":{"footnotes":""},"categories":[9],"tags":[],"class_list":["post-1371","post","type-post","status-publish","format-standard","has-post-thumbnail","hentry","category-ambiente"],"_links":{"self":[{"href":"https:\/\/tintafresca.net\/index.php\/wp-json\/wp\/v2\/posts\/1371","targetHints":{"allow":["GET"]}}],"collection":[{"href":"https:\/\/tintafresca.net\/index.php\/wp-json\/wp\/v2\/posts"}],"about":[{"href":"https:\/\/tintafresca.net\/index.php\/wp-json\/wp\/v2\/types\/post"}],"author":[{"embeddable":true,"href":"https:\/\/tintafresca.net\/index.php\/wp-json\/wp\/v2\/users\/2"}],"replies":[{"embeddable":true,"href":"https:\/\/tintafresca.net\/index.php\/wp-json\/wp\/v2\/comments?post=1371"}],"version-history":[{"count":3,"href":"https:\/\/tintafresca.net\/index.php\/wp-json\/wp\/v2\/posts\/1371\/revisions"}],"predecessor-version":[{"id":1376,"href":"https:\/\/tintafresca.net\/index.php\/wp-json\/wp\/v2\/posts\/1371\/revisions\/1376"}],"wp:featuredmedia":[{"embeddable":true,"href":"https:\/\/tintafresca.net\/index.php\/wp-json\/wp\/v2\/media\/1374"}],"wp:attachment":[{"href":"https:\/\/tintafresca.net\/index.php\/wp-json\/wp\/v2\/media?parent=1371"}],"wp:term":[{"taxonomy":"category","embeddable":true,"href":"https:\/\/tintafresca.net\/index.php\/wp-json\/wp\/v2\/categories?post=1371"},{"taxonomy":"post_tag","embeddable":true,"href":"https:\/\/tintafresca.net\/index.php\/wp-json\/wp\/v2\/tags?post=1371"}],"curies":[{"name":"wp","href":"https:\/\/api.w.org\/{rel}","templated":true}]}}