{"id":13734,"date":"2022-02-13T22:30:01","date_gmt":"2022-02-13T22:30:01","guid":{"rendered":"https:\/\/tintafresca.net\/?p=13734"},"modified":"2022-02-13T22:30:01","modified_gmt":"2022-02-13T22:30:01","slug":"cafetaria-hello-miss-frida-abre-junto-ao-museu-do-vidro","status":"publish","type":"post","link":"https:\/\/tintafresca.net\/index.php\/2022\/02\/13\/cafetaria-hello-miss-frida-abre-junto-ao-museu-do-vidro\/","title":{"rendered":"Cafetaria \u201cHello, Miss Frida!\u201d abre junto ao Museu do Vidro"},"content":{"rendered":"<div id=\"attachment_13736\" style=\"width: 510px\" class=\"wp-caption alignleft\"><img loading=\"lazy\" decoding=\"async\" aria-describedby=\"caption-attachment-13736\" class=\"wp-image-13736 size-full\" src=\"https:\/\/tintafresca.net\/wp-content\/uploads\/2022\/02\/MG_Cafetaria10.jpg\" alt=\"\" width=\"500\" height=\"332\" \/><p id=\"caption-attachment-13736\" class=\"wp-caption-text\">Presidente Aur\u00e9lio Ferreira visitou o novo espa\u00e7o<\/p><\/div>\n<p>A cafetaria junto ao Museu do Vidro e Teatro Stephens, na Marinha Grande, foi inaugurada este s\u00e1bado, 12 de fevereiro, com a designa\u00e7\u00e3o Hello, Miss Frida!, inspirado na pintora mexicana Frida Kahlo.<\/p>\n<p>O espa\u00e7o municipal foi concessionado a Carla Silva e Emanuel Marques, na sequ\u00eancia de uma hasta p\u00fablica realizada pela C\u00e2mara Municipal.<\/p>\n<p>O presidente da C\u00e2mara, Aur\u00e9lio Ferreira, marcou presen\u00e7a na inaugura\u00e7\u00e3o, felicitando \u201cos empres\u00e1rios pela renova\u00e7\u00e3o do edif\u00edcio municipal e pela possibilidade de criarem mais uma oferta na \u00e1rea da restaura\u00e7\u00e3o e bebidas na cidade, que em muito contribui para a dinamiza\u00e7\u00e3o do centro tradicional, uma vez que est\u00e1 localizada junto ao Patrim\u00f3nio Stephens\u201d.<\/p>\n<div id=\"attachment_13737\" style=\"width: 510px\" class=\"wp-caption alignleft\"><img loading=\"lazy\" decoding=\"async\" aria-describedby=\"caption-attachment-13737\" class=\"wp-image-13737 size-full\" src=\"https:\/\/tintafresca.net\/wp-content\/uploads\/2022\/02\/MG_Cafetaria30.jpg\" alt=\"\" width=\"500\" height=\"332\" \/><p id=\"caption-attachment-13737\" class=\"wp-caption-text\">Interior da cafetaria Hello, Miss Frida!<\/p><\/div>\n<p>A abertura da cafetaria Hello, Miss Frida! permitiu criar cinco postos de trabalho. Vai apresentar uma carta para lanches e refei\u00e7\u00f5es r\u00e1pidas e saud\u00e1veis, abrindo ao p\u00fablico no dia 14 de fevereiro.<\/p>\n<p>Ap\u00f3s a primeira semana de funcionamento, vai estar aberto ao p\u00fablico de ter\u00e7a a sexta-feira, das 08h30 \u00e0s 19h00; ao fim de semana, das 10h00 \u00e0s 19h00; e nas noites de espet\u00e1culos do Teatro Stephens ou Museu do Vidro.<\/p>\n<p><strong>\u00a0 \u00a0 Fonte: GCRP|CMMG<\/strong><\/p>\n","protected":false},"excerpt":{"rendered":"<p>A cafetaria junto ao Museu do Vidro e Teatro Stephens, na Marinha Grande, foi inaugurada este s\u00e1bado, 12 de fevereiro, com a designa\u00e7\u00e3o Hello, Miss Frida!, inspirado na pintora mexicana Frida Kahlo. O espa\u00e7o municipal foi concessionado a Carla Silva e Emanuel Marques, na sequ\u00eancia de uma hasta p\u00fablica realizada pela C\u00e2mara Municipal. O presidente [&hellip;]<\/p>\n","protected":false},"author":2,"featured_media":13738,"comment_status":"open","ping_status":"open","sticky":false,"template":"","format":"standard","meta":{"footnotes":""},"categories":[7],"tags":[],"class_list":["post-13734","post","type-post","status-publish","format-standard","has-post-thumbnail","hentry","category-economia"],"_links":{"self":[{"href":"https:\/\/tintafresca.net\/index.php\/wp-json\/wp\/v2\/posts\/13734","targetHints":{"allow":["GET"]}}],"collection":[{"href":"https:\/\/tintafresca.net\/index.php\/wp-json\/wp\/v2\/posts"}],"about":[{"href":"https:\/\/tintafresca.net\/index.php\/wp-json\/wp\/v2\/types\/post"}],"author":[{"embeddable":true,"href":"https:\/\/tintafresca.net\/index.php\/wp-json\/wp\/v2\/users\/2"}],"replies":[{"embeddable":true,"href":"https:\/\/tintafresca.net\/index.php\/wp-json\/wp\/v2\/comments?post=13734"}],"version-history":[{"count":2,"href":"https:\/\/tintafresca.net\/index.php\/wp-json\/wp\/v2\/posts\/13734\/revisions"}],"predecessor-version":[{"id":13739,"href":"https:\/\/tintafresca.net\/index.php\/wp-json\/wp\/v2\/posts\/13734\/revisions\/13739"}],"wp:featuredmedia":[{"embeddable":true,"href":"https:\/\/tintafresca.net\/index.php\/wp-json\/wp\/v2\/media\/13738"}],"wp:attachment":[{"href":"https:\/\/tintafresca.net\/index.php\/wp-json\/wp\/v2\/media?parent=13734"}],"wp:term":[{"taxonomy":"category","embeddable":true,"href":"https:\/\/tintafresca.net\/index.php\/wp-json\/wp\/v2\/categories?post=13734"},{"taxonomy":"post_tag","embeddable":true,"href":"https:\/\/tintafresca.net\/index.php\/wp-json\/wp\/v2\/tags?post=13734"}],"curies":[{"name":"wp","href":"https:\/\/api.w.org\/{rel}","templated":true}]}}