{"id":13740,"date":"2022-02-14T12:44:54","date_gmt":"2022-02-14T12:44:54","guid":{"rendered":"https:\/\/tintafresca.net\/?p=13740"},"modified":"2022-02-14T12:57:53","modified_gmt":"2022-02-14T12:57:53","slug":"projeto-regional-embalagens-do-futuro-preve-102-milhoes-em-solucoes-de-embalagens-ecologicas","status":"publish","type":"post","link":"https:\/\/tintafresca.net\/index.php\/2022\/02\/14\/projeto-regional-embalagens-do-futuro-preve-102-milhoes-em-solucoes-de-embalagens-ecologicas\/","title":{"rendered":"Projeto regional Embalagens do Futuro prev\u00ea 102 milh\u00f5es em solu\u00e7\u00f5es de embalagens ecol\u00f3gicas"},"content":{"rendered":"<p><img loading=\"lazy\" decoding=\"async\" class=\"alignleft wp-image-13743 size-full\" src=\"https:\/\/tintafresca.net\/wp-content\/uploads\/2022\/02\/Leiria_Projeto_Embalagens10.png\" alt=\"\" width=\"500\" height=\"280\" \/>O projeto \u201cEmbalagens do Futuro\u201d, ap\u00f3s apresentar uma pron\u00fancia em sede de audi\u00eancia de interessados no \u00e2mbito do Aviso N\u00ba 01\/C05-i01\/2021 do Plano de Recupera\u00e7\u00e3o e Resili\u00eancia, conseguiu reverter a proposta de decis\u00e3o, passando a obter a classifica\u00e7\u00e3o de \u201cMuito Bom\u201d e, consequentemente, tornar-se \u201celeg\u00edvel selecionada\u201d para apresentar a candidatura final na Fase II deste Aviso PRR, e cujo prazo de entrega decorre de 14 de fevereiro a 31 de mar\u00e7o de 2022.<\/p>\n<p>O Pacto de Inova\u00e7\u00e3o \u201cEmbalagem do Futuro\u201d apresenta-se como uma iniciativa coletiva de car\u00e1cter transformador dirigido ao setor das embalagens, capaz de alterar de forma estrutural o perfil produtivo da Regi\u00e3o de Leiria e, consequentemente, contribuir para a prossecu\u00e7\u00e3o dos principais objetivos definidos no PRR e para Portugal at\u00e9 2030, representando um investimento global de 112 milh\u00f5es de euros.<\/p>\n<p>De facto, o presente Pacto de Inova\u00e7\u00e3o resulta dos trabalhos iniciados pelo GESRL (Gabinete Econ\u00f3mico e Social da Regi\u00e3o de Leiria), CIMRL (Comunidade Intermunicipal da Regi\u00e3o de Leiria), Polit\u00e9cnico de Leiria e NERLEI (Associa\u00e7\u00e3o Empresarial da Regi\u00e3o de Leiria) e re\u00fane um cons\u00f3rcio de 77 entidades nacionais (empresariais e n\u00e3o empresariais do Sistema de I&amp;I) liderado pela NPME Vangest.<\/p>\n<p>Neste Pacto de Inova\u00e7\u00e3o prop\u00f5e-se a investiga\u00e7\u00e3o, desenvolvimento, produ\u00e7\u00e3o\/fabrico e comercializa\u00e7\u00e3o \u00e0 escala global de solu\u00e7\u00f5es de embalagem mais ecol\u00f3gicas, mais digitais e mais inclusivas, que se materializem em pelo menos 45 novos produtos e\/ou servi\u00e7os resultantes de atividades de I&amp;D coletivas.<\/p>\n<p>Acrescem ainda duas novas unidades\/linhas produtivas de embalagem pioneiras a n\u00edvel Nacional e em novos processos a adotar ao longo de toda a cadeia de valor do setor das Embalagens, desde as mat\u00e9rias primas e \u00a0subsidi\u00e1rias, design de produto engenharia, moldes e ferramentas, processamento e fabrico, sistemas de informa\u00e7\u00e3o e transi\u00e7\u00e3o digital, marketing social, recolha\/log\u00edstica e reciclagem, com impacto na melhoria da efici\u00eancia dos processos.<\/p>\n<p>Simultaneamente, s\u00e3o propostas iniciativas relacionadas com a 1) qualifica\u00e7\u00e3o dos recursos humanos; a 2) cria\u00e7\u00e3o de uma infraestrutura cient\u00edfica dedicada \u00e0 investiga\u00e7\u00e3o e impacto ambiental; o 3) desenvolvimento de um esquema de \u201cCertifica\u00e7\u00e3o de Embalagem Sustent\u00e1vel\u201d; a 4) implementa\u00e7\u00e3o de uma estrat\u00e9gia comum de sensibiliza\u00e7\u00e3o ambiental das popula\u00e7\u00f5es (piloto nos munic\u00edpios da CIMRL); bem como a 5) promo\u00e7\u00e3o e divulga\u00e7\u00e3o das iniciativas e solu\u00e7\u00f5es do presente Pacto a n\u00edvel global.<\/p>\n<p>A Comunidade Intermunicipal da Regi\u00e3o de Leiria participa com um investimento total de 1,97 milh\u00f5es de euros, concretizando um projeto inovador de dep\u00f3sito e recolha seletiva de embalagens n\u00e3o reutiliz\u00e1veis de bebidas de pl\u00e1stico, vidro, metais ferrosos e alum\u00ednio n\u00e3o reutiliz\u00e1veis, com pr\u00e9mios aos consumidores e parcerias com as empresas da regi\u00e3o.<\/p>\n<p>Recorde-se que em Portugal, o Sistema de Dep\u00f3sito de embalagens de bebidas em pl\u00e1stico, vidro, metais ferrosos e alum\u00ednio, passou a ser obrigat\u00f3rio a partir de 1 de janeiro de 2022, e foi introduzido pela Lei n.\u00ba 69\/2018, de 26 de dezembro, que procedeu \u00e0 primeira altera\u00e7\u00e3o ao UNILEX &#8211; Decreto-Lei n.\u00ba 152-D\/2017, de 11 de dezembro, a par do Sistema de Incentivo.<\/p>\n","protected":false},"excerpt":{"rendered":"<p>O projeto \u201cEmbalagens do Futuro\u201d, ap\u00f3s apresentar uma pron\u00fancia em sede de audi\u00eancia de interessados no \u00e2mbito do Aviso N\u00ba 01\/C05-i01\/2021 do Plano de Recupera\u00e7\u00e3o e Resili\u00eancia, conseguiu reverter a proposta de decis\u00e3o, passando a obter a classifica\u00e7\u00e3o de \u201cMuito Bom\u201d e, consequentemente, tornar-se \u201celeg\u00edvel selecionada\u201d para apresentar a candidatura final na Fase II deste [&hellip;]<\/p>\n","protected":false},"author":2,"featured_media":13744,"comment_status":"open","ping_status":"open","sticky":false,"template":"","format":"standard","meta":{"footnotes":""},"categories":[9],"tags":[],"class_list":["post-13740","post","type-post","status-publish","format-standard","has-post-thumbnail","hentry","category-ambiente"],"_links":{"self":[{"href":"https:\/\/tintafresca.net\/index.php\/wp-json\/wp\/v2\/posts\/13740","targetHints":{"allow":["GET"]}}],"collection":[{"href":"https:\/\/tintafresca.net\/index.php\/wp-json\/wp\/v2\/posts"}],"about":[{"href":"https:\/\/tintafresca.net\/index.php\/wp-json\/wp\/v2\/types\/post"}],"author":[{"embeddable":true,"href":"https:\/\/tintafresca.net\/index.php\/wp-json\/wp\/v2\/users\/2"}],"replies":[{"embeddable":true,"href":"https:\/\/tintafresca.net\/index.php\/wp-json\/wp\/v2\/comments?post=13740"}],"version-history":[{"count":4,"href":"https:\/\/tintafresca.net\/index.php\/wp-json\/wp\/v2\/posts\/13740\/revisions"}],"predecessor-version":[{"id":13746,"href":"https:\/\/tintafresca.net\/index.php\/wp-json\/wp\/v2\/posts\/13740\/revisions\/13746"}],"wp:featuredmedia":[{"embeddable":true,"href":"https:\/\/tintafresca.net\/index.php\/wp-json\/wp\/v2\/media\/13744"}],"wp:attachment":[{"href":"https:\/\/tintafresca.net\/index.php\/wp-json\/wp\/v2\/media?parent=13740"}],"wp:term":[{"taxonomy":"category","embeddable":true,"href":"https:\/\/tintafresca.net\/index.php\/wp-json\/wp\/v2\/categories?post=13740"},{"taxonomy":"post_tag","embeddable":true,"href":"https:\/\/tintafresca.net\/index.php\/wp-json\/wp\/v2\/tags?post=13740"}],"curies":[{"name":"wp","href":"https:\/\/api.w.org\/{rel}","templated":true}]}}