{"id":13747,"date":"2022-02-14T18:40:53","date_gmt":"2022-02-14T18:40:53","guid":{"rendered":"https:\/\/tintafresca.net\/?p=13747"},"modified":"2022-02-14T19:06:01","modified_gmt":"2022-02-14T19:06:01","slug":"operacao-de-reabilitacao-urbana-das-vilas-de-porto-de-mos-e-de-mira-de-aire-aprovadas","status":"publish","type":"post","link":"https:\/\/tintafresca.net\/index.php\/2022\/02\/14\/operacao-de-reabilitacao-urbana-das-vilas-de-porto-de-mos-e-de-mira-de-aire-aprovadas\/","title":{"rendered":"Opera\u00e7\u00e3o de Reabilita\u00e7\u00e3o Urbana das vilas de Porto de M\u00f3s e de Mira de Aire aprovadas em Di\u00e1rio de Rep\u00fablica"},"content":{"rendered":"<p><img loading=\"lazy\" decoding=\"async\" class=\"alignleft wp-image-13749 size-full\" src=\"https:\/\/tintafresca.net\/wp-content\/uploads\/2022\/02\/PM_ORU.jpg\" alt=\"\" width=\"454\" height=\"454\" \/>As vilas de Porto de M\u00f3s e de Mira de Aire justificam a cria\u00e7\u00e3o de \u00e1reas de interven\u00e7\u00e3o integrada, no que \u00e0 reabilita\u00e7\u00e3o urbana diz respeito.<\/p>\n<p>Encetado o processo por parte do Munic\u00edpio de Porto de M\u00f3s, foram publicados, no dia 3 de fevereiro, em Di\u00e1rio de Rep\u00fablica, o Aviso de Aprova\u00e7\u00e3o da Opera\u00e7\u00e3o de Reabilita\u00e7\u00e3o Urbana para a \u00c1rea de Reabilita\u00e7\u00e3o Urbana da vila de Porto de M\u00f3s (Aviso n.\u00ba 2339\/2022) e o Aviso de Aprova\u00e7\u00e3o da \u00c1rea de Reabilita\u00e7\u00e3o Urbana de Mira de Aire e respetiva Opera\u00e7\u00e3o de Reabilita\u00e7\u00e3o Urbana (Aviso n.\u00ba 2340\/2022).<\/p>\n<p>Com a aprova\u00e7\u00e3o das ORU das vilas de Porto de M\u00f3s e de Mira de Aire ser\u00e1 poss\u00edvel haver interven\u00e7\u00e3o de privados e da autarquia, esta \u00faltima em espa\u00e7os p\u00fablicos.<\/p>\n<p>As ARU permitem que as interven\u00e7\u00f5es no \u00e2mbito da reabilita\u00e7\u00e3o urbana aufiram de vantagens, tais como benef\u00edcios fiscais (IMI, IMT, IRC, IRS, IVA), rendimentos prediais, aplica\u00e7\u00e3o de taxas municipais em regime especial, atrav\u00e9s de isen\u00e7\u00f5es ou redu\u00e7\u00f5es, entre outros.<\/p>\n<p>A cria\u00e7\u00e3o deste regime de incentivos no \u00e2mbito da regenera\u00e7\u00e3o urbana visa o apoio \u00e0 reabilita\u00e7\u00e3o de edif\u00edcios, o aumento da oferta e procura no mercado imobili\u00e1rio e, por conseguinte, o desenvolvimento socioecon\u00f3mico do territ\u00f3rio.<\/p>\n<p>Mais informa\u00e7\u00f5es em <a href=\"https:\/\/www.municipio-portodemos.pt\/pages\/1031\">https:\/\/www.municipio-portodemos.pt\/pages\/1031<\/a><\/p>\n<p><strong> \u00a0 \u00a0Fonte: GC|CMPM<\/strong><\/p>\n","protected":false},"excerpt":{"rendered":"<p>As vilas de Porto de M\u00f3s e de Mira de Aire justificam a cria\u00e7\u00e3o de \u00e1reas de interven\u00e7\u00e3o integrada, no que \u00e0 reabilita\u00e7\u00e3o urbana diz respeito. Encetado o processo por parte do Munic\u00edpio de Porto de M\u00f3s, foram publicados, no dia 3 de fevereiro, em Di\u00e1rio de Rep\u00fablica, o Aviso de Aprova\u00e7\u00e3o da Opera\u00e7\u00e3o de [&hellip;]<\/p>\n","protected":false},"author":2,"featured_media":13750,"comment_status":"open","ping_status":"open","sticky":false,"template":"","format":"standard","meta":{"footnotes":""},"categories":[9,7],"tags":[],"class_list":["post-13747","post","type-post","status-publish","format-standard","has-post-thumbnail","hentry","category-ambiente","category-economia"],"_links":{"self":[{"href":"https:\/\/tintafresca.net\/index.php\/wp-json\/wp\/v2\/posts\/13747","targetHints":{"allow":["GET"]}}],"collection":[{"href":"https:\/\/tintafresca.net\/index.php\/wp-json\/wp\/v2\/posts"}],"about":[{"href":"https:\/\/tintafresca.net\/index.php\/wp-json\/wp\/v2\/types\/post"}],"author":[{"embeddable":true,"href":"https:\/\/tintafresca.net\/index.php\/wp-json\/wp\/v2\/users\/2"}],"replies":[{"embeddable":true,"href":"https:\/\/tintafresca.net\/index.php\/wp-json\/wp\/v2\/comments?post=13747"}],"version-history":[{"count":3,"href":"https:\/\/tintafresca.net\/index.php\/wp-json\/wp\/v2\/posts\/13747\/revisions"}],"predecessor-version":[{"id":13752,"href":"https:\/\/tintafresca.net\/index.php\/wp-json\/wp\/v2\/posts\/13747\/revisions\/13752"}],"wp:featuredmedia":[{"embeddable":true,"href":"https:\/\/tintafresca.net\/index.php\/wp-json\/wp\/v2\/media\/13750"}],"wp:attachment":[{"href":"https:\/\/tintafresca.net\/index.php\/wp-json\/wp\/v2\/media?parent=13747"}],"wp:term":[{"taxonomy":"category","embeddable":true,"href":"https:\/\/tintafresca.net\/index.php\/wp-json\/wp\/v2\/categories?post=13747"},{"taxonomy":"post_tag","embeddable":true,"href":"https:\/\/tintafresca.net\/index.php\/wp-json\/wp\/v2\/tags?post=13747"}],"curies":[{"name":"wp","href":"https:\/\/api.w.org\/{rel}","templated":true}]}}