{"id":13758,"date":"2022-02-14T21:55:05","date_gmt":"2022-02-14T21:55:05","guid":{"rendered":"https:\/\/tintafresca.net\/?p=13758"},"modified":"2022-02-15T00:15:32","modified_gmt":"2022-02-15T00:15:32","slug":"45-jovens-voluntarios-do-projeto-missao-pais-vao-estar-no-concelho-do-cartaxo-durante-uma-semana","status":"publish","type":"post","link":"https:\/\/tintafresca.net\/index.php\/2022\/02\/14\/45-jovens-voluntarios-do-projeto-missao-pais-vao-estar-no-concelho-do-cartaxo-durante-uma-semana\/","title":{"rendered":"45 jovens volunt\u00e1rios cat\u00f3licos do projeto Miss\u00e3o Pa\u00eds v\u00e3o estar no concelho do Cartaxo durante uma semana"},"content":{"rendered":"<div id=\"attachment_13760\" style=\"width: 510px\" class=\"wp-caption alignleft\"><img loading=\"lazy\" decoding=\"async\" aria-describedby=\"caption-attachment-13760\" class=\"wp-image-13760 size-full\" src=\"https:\/\/tintafresca.net\/wp-content\/uploads\/2022\/02\/Cartaxo_Missao_Pais10.jpg\" alt=\"\" width=\"500\" height=\"333\" \/><p id=\"caption-attachment-13760\" class=\"wp-caption-text\">Jovens volunt\u00e1rios do projeto Miss\u00e3o Pa\u00eds<\/p><\/div>\n<p>O Complexo Cultural e Desportivo da Quinta das Pratas foi o espa\u00e7o municipal escolhido para acolher os 45 jovens volunt\u00e1rios do projeto Miss\u00e3o Pa\u00eds. Os jovens v\u00e3o estar no concelho do Cartaxo durante uma semana e o seu trabalho junto da comunidade vai ser dedicado \u00e0 melhoria do espa\u00e7o p\u00fablico.<\/p>\n<p>Maria Jo\u00e3o Oliveira, vereadora da C\u00e2mara Municipal do Cartaxo e respons\u00e1vel pelo pelouro da Cultura e o vice-presidente da autarquia, Pedro Reis, respons\u00e1vel pelo pelouro da Juventude, estiveram hoje, dia 14 de fevereiro, na Quinta das Pratas a acompanhar os jovens volunt\u00e1rios.<\/p>\n<p>\u201cA Miss\u00e3o Pa\u00eds \u00e9 um projeto de jovens universit\u00e1rios cat\u00f3licos que promove a\u00e7\u00f5es de apostolado e a\u00e7\u00e3o social no territ\u00f3rio nacional, partindo da convic\u00e7\u00e3o de que n\u00e3o \u00e9 necess\u00e1rio sair do pa\u00eds para ser mission\u00e1rio\u201d, explicou Maria Jo\u00e3o Oliveira que agradeceu a \u201ciniciativa da par\u00f3quia para que esta presen\u00e7a no concelho se concretizasse\u201d.<\/p>\n<p>O vice-presidente da C\u00e2mara Municipal, destacou a import\u00e2ncia do \u201cvoluntariado e a enorme disponibilidade e solidariedade que cada um destes jovens demonstra ao contribuir para o bem comum, tendo como \u00fanica recompensa a alegria de ajudar os outros\u201d. Pedro Reis partilhou com os jovens \u201co reconhecimento da C\u00e2mara Municipal \u00e0 Miss\u00e3o Pa\u00eds por estar dispon\u00edvel para apoiar a nossa comunidade, de modo t\u00e3o generoso\u201d.<\/p>\n<p>Em anos anteriores, a a\u00e7\u00e3o mission\u00e1ria dos jovens tem sido cumprida junto de institui\u00e7\u00f5es de apoio social, que atuam quer junto de crian\u00e7as, quer de seniores. No \u00e2mbito da situa\u00e7\u00e3o atual da pandemia da doen\u00e7a Covid-19, os jovens escolheram, este ano, dedicar a sua semana mission\u00e1ria a trabalhos de melhoria do espa\u00e7o p\u00fablico, que beneficiar\u00e3o toda a comunidade.<\/p>\n<p>A C\u00e2mara Municipal do Cartaxo apoia o grupo de jovens volunt\u00e1rios que ficar\u00e3o sediados na Quinta das Pratas durante a semana.<\/p>\n","protected":false},"excerpt":{"rendered":"<p>O Complexo Cultural e Desportivo da Quinta das Pratas foi o espa\u00e7o municipal escolhido para acolher os 45 jovens volunt\u00e1rios do projeto Miss\u00e3o Pa\u00eds. Os jovens v\u00e3o estar no concelho do Cartaxo durante uma semana e o seu trabalho junto da comunidade vai ser dedicado \u00e0 melhoria do espa\u00e7o p\u00fablico. Maria Jo\u00e3o Oliveira, vereadora da [&hellip;]<\/p>\n","protected":false},"author":2,"featured_media":13761,"comment_status":"open","ping_status":"open","sticky":false,"template":"","format":"standard","meta":{"footnotes":""},"categories":[11],"tags":[],"class_list":["post-13758","post","type-post","status-publish","format-standard","has-post-thumbnail","hentry","category-sociedade"],"_links":{"self":[{"href":"https:\/\/tintafresca.net\/index.php\/wp-json\/wp\/v2\/posts\/13758","targetHints":{"allow":["GET"]}}],"collection":[{"href":"https:\/\/tintafresca.net\/index.php\/wp-json\/wp\/v2\/posts"}],"about":[{"href":"https:\/\/tintafresca.net\/index.php\/wp-json\/wp\/v2\/types\/post"}],"author":[{"embeddable":true,"href":"https:\/\/tintafresca.net\/index.php\/wp-json\/wp\/v2\/users\/2"}],"replies":[{"embeddable":true,"href":"https:\/\/tintafresca.net\/index.php\/wp-json\/wp\/v2\/comments?post=13758"}],"version-history":[{"count":3,"href":"https:\/\/tintafresca.net\/index.php\/wp-json\/wp\/v2\/posts\/13758\/revisions"}],"predecessor-version":[{"id":13763,"href":"https:\/\/tintafresca.net\/index.php\/wp-json\/wp\/v2\/posts\/13758\/revisions\/13763"}],"wp:featuredmedia":[{"embeddable":true,"href":"https:\/\/tintafresca.net\/index.php\/wp-json\/wp\/v2\/media\/13761"}],"wp:attachment":[{"href":"https:\/\/tintafresca.net\/index.php\/wp-json\/wp\/v2\/media?parent=13758"}],"wp:term":[{"taxonomy":"category","embeddable":true,"href":"https:\/\/tintafresca.net\/index.php\/wp-json\/wp\/v2\/categories?post=13758"},{"taxonomy":"post_tag","embeddable":true,"href":"https:\/\/tintafresca.net\/index.php\/wp-json\/wp\/v2\/tags?post=13758"}],"curies":[{"name":"wp","href":"https:\/\/api.w.org\/{rel}","templated":true}]}}