{"id":13785,"date":"2022-02-15T19:47:28","date_gmt":"2022-02-15T19:47:28","guid":{"rendered":"https:\/\/tintafresca.net\/?p=13785"},"modified":"2022-02-15T20:25:39","modified_gmt":"2022-02-15T20:25:39","slug":"cim-regiao-de-leiria-instala-nova-comissao-sub-regional-de-gestao-integrada-de-fogos-rurais","status":"publish","type":"post","link":"https:\/\/tintafresca.net\/index.php\/2022\/02\/15\/cim-regiao-de-leiria-instala-nova-comissao-sub-regional-de-gestao-integrada-de-fogos-rurais\/","title":{"rendered":"CIM Regi\u00e3o de Leiria instala nova Comiss\u00e3o Sub-Regional de Gest\u00e3o Integrada de Fogos Rurais"},"content":{"rendered":"<div id=\"attachment_13788\" style=\"width: 510px\" class=\"wp-caption alignleft\"><img loading=\"lazy\" decoding=\"async\" aria-describedby=\"caption-attachment-13788\" class=\"wp-image-13788 size-full\" src=\"https:\/\/tintafresca.net\/wp-content\/uploads\/2022\/02\/CIMRL_Fogos10.jpg\" alt=\"\" width=\"500\" height=\"500\" \/><p id=\"caption-attachment-13788\" class=\"wp-caption-text\">Reuni\u00e3o de instala\u00e7\u00e3o da Comiss\u00e3o Sub-Regional de Gest\u00e3o Integrada de Fogos Rurais<\/p><\/div>\n<p>A Comunidade Intermunicipal (CIM) da Regi\u00e3o de Leiria realizou esta ter\u00e7a-feira, dia 15 de fevereiro, a primeira reuni\u00e3o de instala\u00e7\u00e3o da Comiss\u00e3o Sub-Regional de Gest\u00e3o Integrada de Fogos Rurais (CSRGIFR- Regi\u00e3o de Leiria) no audit\u00f3rio do IPDJ, em Leiria.<\/p>\n<p>Esta Comiss\u00e3o Sub-regional assume a execu\u00e7\u00e3o da estrat\u00e9gia de gest\u00e3o integrada de fogos rurais, a articula\u00e7\u00e3o dos programas de gest\u00e3o do fogo rural e de prote\u00e7\u00e3o das comunidades contra inc\u00eandios rurais, de acordo com o novo Sistema de Gest\u00e3o Integrada de Fogos Rurais (SGIFR), no \u00e2mbito da publica\u00e7\u00e3o do D.L. n\u00ba 82\/2021, de 13 de outubro.<\/p>\n<p>Durante a reuni\u00e3o foi aprovado o regulamento de funcionamento da Comiss\u00e3o Sub-Regional, abordado o projeto de videovigil\u00e2ncia florestal, apresentada a previs\u00e3o de execu\u00e7\u00e3o de faixas de gest\u00e3o de combust\u00edveis no ano de 2022 pelas entidades competentes e discutidas as a\u00e7\u00f5es de sensibiliza\u00e7\u00e3o a desenvolver no presente ano em toda a Regi\u00e3o.<\/p>\n<p>A CSRGIFR- Regi\u00e3o de Leiria \u00e9 constitu\u00edda por cerca de 30 entidades p\u00fablicas e privadas com compet\u00eancias ou mat\u00e9ria de gest\u00e3o integrada de fogos rurais, com a miss\u00e3o de proceder \u00e0 monitoriza\u00e7\u00e3o e avalia\u00e7\u00e3o da execu\u00e7\u00e3o do programa sub-regional de a\u00e7\u00e3o e propor melhorias operacionais a implementar nos anos seguintes, assim como promover o cumprimento dos programas de comunica\u00e7\u00e3o, de acordo com a estrat\u00e9gia nacional.<\/p>\n<div id=\"attachment_13791\" style=\"width: 510px\" class=\"wp-caption alignleft\"><img loading=\"lazy\" decoding=\"async\" aria-describedby=\"caption-attachment-13791\" class=\"wp-image-13791 size-full\" src=\"https:\/\/tintafresca.net\/wp-content\/uploads\/2022\/02\/CIMRL_Fogos20.jpg\" alt=\"\" width=\"500\" height=\"500\" \/><p id=\"caption-attachment-13791\" class=\"wp-caption-text\">CSRGIFR- Regi\u00e3o de Leiria \u00e9 constitu\u00edda por cerca de 30 entidades p\u00fablicas e privadas<\/p><\/div>\n<p>Ao n\u00edvel do planeamento estrat\u00e9gico, cabe esta nova Comiss\u00e3o Sub-regional aprovar o designado programa sub-regional de a\u00e7\u00e3o, em mat\u00e9ria da gest\u00e3o integrada de fogos rurais, bem assim emitir parecer sobre os novos programas municipais de execu\u00e7\u00e3o que entrar\u00e3o em vigor no pr\u00f3ximo dia 01 de janeiro de 2023, substituindo os atuais Planos Municipais de defesa da Floresta contra Inc\u00eandios.<\/p>\n<p>Na ocasi\u00e3o, o presidente da CIM da Regi\u00e3o de Leiria, Gon\u00e7alo Lopes, destacou a \u201cimport\u00e2ncia da coopera\u00e7\u00e3o entre todas as entidades envolvidas\u201d na constru\u00e7\u00e3o de um programa eficaz para \u201ca defesa e prote\u00e7\u00e3o do territ\u00f3rio e das pessoas\u201d. \u201cVamos colaborar com todos os munic\u00edpios e com as entidades representadas nesta Comiss\u00e3o para que este novo Sistema de Gest\u00e3o Integrada de Fogos Rurais, seja mais um contributo para a preven\u00e7\u00e3o e defesa da nossa floresta.\u201d<\/p>\n<p><strong>\u00a0 \u00a0Fonte: CIMRL<\/strong><\/p>\n","protected":false},"excerpt":{"rendered":"<p>A Comunidade Intermunicipal (CIM) da Regi\u00e3o de Leiria realizou esta ter\u00e7a-feira, dia 15 de fevereiro, a primeira reuni\u00e3o de instala\u00e7\u00e3o da Comiss\u00e3o Sub-Regional de Gest\u00e3o Integrada de Fogos Rurais (CSRGIFR- Regi\u00e3o de Leiria) no audit\u00f3rio do IPDJ, em Leiria. Esta Comiss\u00e3o Sub-regional assume a execu\u00e7\u00e3o da estrat\u00e9gia de gest\u00e3o integrada de fogos rurais, a articula\u00e7\u00e3o [&hellip;]<\/p>\n","protected":false},"author":2,"featured_media":13789,"comment_status":"open","ping_status":"open","sticky":false,"template":"","format":"standard","meta":{"footnotes":""},"categories":[9],"tags":[],"class_list":["post-13785","post","type-post","status-publish","format-standard","has-post-thumbnail","hentry","category-ambiente"],"_links":{"self":[{"href":"https:\/\/tintafresca.net\/index.php\/wp-json\/wp\/v2\/posts\/13785","targetHints":{"allow":["GET"]}}],"collection":[{"href":"https:\/\/tintafresca.net\/index.php\/wp-json\/wp\/v2\/posts"}],"about":[{"href":"https:\/\/tintafresca.net\/index.php\/wp-json\/wp\/v2\/types\/post"}],"author":[{"embeddable":true,"href":"https:\/\/tintafresca.net\/index.php\/wp-json\/wp\/v2\/users\/2"}],"replies":[{"embeddable":true,"href":"https:\/\/tintafresca.net\/index.php\/wp-json\/wp\/v2\/comments?post=13785"}],"version-history":[{"count":5,"href":"https:\/\/tintafresca.net\/index.php\/wp-json\/wp\/v2\/posts\/13785\/revisions"}],"predecessor-version":[{"id":13793,"href":"https:\/\/tintafresca.net\/index.php\/wp-json\/wp\/v2\/posts\/13785\/revisions\/13793"}],"wp:featuredmedia":[{"embeddable":true,"href":"https:\/\/tintafresca.net\/index.php\/wp-json\/wp\/v2\/media\/13789"}],"wp:attachment":[{"href":"https:\/\/tintafresca.net\/index.php\/wp-json\/wp\/v2\/media?parent=13785"}],"wp:term":[{"taxonomy":"category","embeddable":true,"href":"https:\/\/tintafresca.net\/index.php\/wp-json\/wp\/v2\/categories?post=13785"},{"taxonomy":"post_tag","embeddable":true,"href":"https:\/\/tintafresca.net\/index.php\/wp-json\/wp\/v2\/tags?post=13785"}],"curies":[{"name":"wp","href":"https:\/\/api.w.org\/{rel}","templated":true}]}}