{"id":13836,"date":"2022-02-17T11:27:33","date_gmt":"2022-02-17T11:27:33","guid":{"rendered":"https:\/\/tintafresca.net\/?p=13836"},"modified":"2022-02-17T11:41:39","modified_gmt":"2022-02-17T11:41:39","slug":"nerlei-dinamiza-projeto-piloto-de-incubadora-social-de-emprego","status":"publish","type":"post","link":"https:\/\/tintafresca.net\/index.php\/2022\/02\/17\/nerlei-dinamiza-projeto-piloto-de-incubadora-social-de-emprego\/","title":{"rendered":"Nerlei dinamiza projeto-piloto de Incubadora Social de Emprego"},"content":{"rendered":"<div id=\"attachment_9440\" style=\"width: 510px\" class=\"wp-caption alignleft\"><img loading=\"lazy\" decoding=\"async\" aria-describedby=\"caption-attachment-9440\" class=\"wp-image-9440 size-full\" src=\"https:\/\/tintafresca.net\/wp-content\/uploads\/2021\/10\/Nerlei_2010.jpg\" alt=\"\" width=\"500\" height=\"375\" srcset=\"https:\/\/tintafresca.net\/wp-content\/uploads\/2021\/10\/Nerlei_2010.jpg 500w, https:\/\/tintafresca.net\/wp-content\/uploads\/2021\/10\/Nerlei_2010-300x225.jpg 300w\" sizes=\"auto, (max-width: 500px) 100vw, 500px\" \/><p id=\"caption-attachment-9440\" class=\"wp-caption-text\">Sede da Nerlei em Leiria<\/p><\/div>\n<p>A Nerlei \u2013 Associa\u00e7\u00e3o Empresarial da Regi\u00e3o de Leiria foi convidada para ser uma das primeiras entidades a desenvolver o projeto-piloto de implementa\u00e7\u00e3o de uma Incubadora Social de Emprego, mais um projeto em parceria com Instituto Emprego e Forma\u00e7\u00e3o Profissional (IEFP), que est\u00e1 no terreno desde o in\u00edcio de 2022.<\/p>\n<p>As Incubadoras Sociais de Emprego, inspiradas nas \u201c<em>Lanzaderas de Empleo<\/em>\u201d um programa com grande sucesso na integra\u00e7\u00e3o dos desempregados em Espanha, consiste num programa de orienta\u00e7\u00e3o profissional gratuito, assente na constitui\u00e7\u00e3o de equipas de desempregados, organizadas e orientadas por um mentor, para a procura ativa de emprego em grupo, com base numa metodologia colaborativa, que concilia t\u00e9cnicas de procura de emprego, ajustadas \u00e0s din\u00e2micas do mercado laboral, com uma componente de aconselhamento t\u00e9cnico.<\/p>\n<p>S\u00e3o destinat\u00e1rios das Incubadoras Sociais de Emprego os desempregados inscritos nos servi\u00e7os de emprego com idade igual ou superior a 23 anos; ou com idade inferior desde que possuam o n\u00edvel 4 ou superior do Quadro Nacional de Qualifica\u00e7\u00f5es, sejam jovens NEET (n\u00e3o estudam, n\u00e3o trabalham), ou estejam em situa\u00e7\u00e3o de particular desfavorecimento ou afastamento prolongado do mercado de trabalho.<\/p>\n<p>\u00c9 um programa volunt\u00e1rio, com a atribui\u00e7\u00e3o de apoios monet\u00e1rios (subs\u00eddio de transporte e subs\u00eddio de alimenta\u00e7\u00e3o), desenvolvido em regime misto (presencial e \u00e0 dist\u00e2ncia), durante um per\u00edodo m\u00e1ximo de 5 meses.<\/p>\n<p>Na pr\u00e1tica, trata-se de um novo apoio na procura de emprego, que pretende mudar a forma como os desempregados abordam o mercado de trabalho, dando-lhe a conhecer ferramentas que lhes proporcionem melhor conhecimento das tend\u00eancias atuais da procura de emprego; ensinando-lhes novas t\u00e9cnicas e estrat\u00e9gias flex\u00edveis de abordagem ao mercado de trabalho e refor\u00e7ando as suas compet\u00eancias transversais e digitais, com vista ao refor\u00e7o da sua empregabilidade.<\/p>\n<p>Este \u00e9 mais um dos v\u00e1rios projetos que a Nerlei dinamiza na \u00e1rea da qualifica\u00e7\u00e3o e emprego das pessoas, como forma de refor\u00e7ar as compet\u00eancias dos recursos humanos da regi\u00e3o e a sua articula\u00e7\u00e3o com as necessidades das empresas, contribuindo dessa forma para uma maior competitividade empresarial e refor\u00e7o do desenvolvimento regional.<\/p>\n<p><strong>\u00a0 \u00a0 \u00a0Fonte: Nerlei<\/strong><\/p>\n","protected":false},"excerpt":{"rendered":"<p>A Nerlei \u2013 Associa\u00e7\u00e3o Empresarial da Regi\u00e3o de Leiria foi convidada para ser uma das primeiras entidades a desenvolver o projeto-piloto de implementa\u00e7\u00e3o de uma Incubadora Social de Emprego, mais um projeto em parceria com Instituto Emprego e Forma\u00e7\u00e3o Profissional (IEFP), que est\u00e1 no terreno desde o in\u00edcio de 2022. As Incubadoras Sociais de Emprego, [&hellip;]<\/p>\n","protected":false},"author":2,"featured_media":9818,"comment_status":"open","ping_status":"open","sticky":false,"template":"","format":"standard","meta":{"footnotes":""},"categories":[7],"tags":[],"class_list":["post-13836","post","type-post","status-publish","format-standard","has-post-thumbnail","hentry","category-economia"],"_links":{"self":[{"href":"https:\/\/tintafresca.net\/index.php\/wp-json\/wp\/v2\/posts\/13836","targetHints":{"allow":["GET"]}}],"collection":[{"href":"https:\/\/tintafresca.net\/index.php\/wp-json\/wp\/v2\/posts"}],"about":[{"href":"https:\/\/tintafresca.net\/index.php\/wp-json\/wp\/v2\/types\/post"}],"author":[{"embeddable":true,"href":"https:\/\/tintafresca.net\/index.php\/wp-json\/wp\/v2\/users\/2"}],"replies":[{"embeddable":true,"href":"https:\/\/tintafresca.net\/index.php\/wp-json\/wp\/v2\/comments?post=13836"}],"version-history":[{"count":2,"href":"https:\/\/tintafresca.net\/index.php\/wp-json\/wp\/v2\/posts\/13836\/revisions"}],"predecessor-version":[{"id":13838,"href":"https:\/\/tintafresca.net\/index.php\/wp-json\/wp\/v2\/posts\/13836\/revisions\/13838"}],"wp:featuredmedia":[{"embeddable":true,"href":"https:\/\/tintafresca.net\/index.php\/wp-json\/wp\/v2\/media\/9818"}],"wp:attachment":[{"href":"https:\/\/tintafresca.net\/index.php\/wp-json\/wp\/v2\/media?parent=13836"}],"wp:term":[{"taxonomy":"category","embeddable":true,"href":"https:\/\/tintafresca.net\/index.php\/wp-json\/wp\/v2\/categories?post=13836"},{"taxonomy":"post_tag","embeddable":true,"href":"https:\/\/tintafresca.net\/index.php\/wp-json\/wp\/v2\/tags?post=13836"}],"curies":[{"name":"wp","href":"https:\/\/api.w.org\/{rel}","templated":true}]}}