{"id":13865,"date":"2022-02-18T14:31:48","date_gmt":"2022-02-18T14:31:48","guid":{"rendered":"https:\/\/tintafresca.net\/?p=13865"},"modified":"2022-02-18T14:35:46","modified_gmt":"2022-02-18T14:35:46","slug":"pedro-machado-jose-arruda-e-santana-dias-integram-orgaos-sociais-da-associacao-das-rotas-dos-vinhos-de-portugal","status":"publish","type":"post","link":"https:\/\/tintafresca.net\/index.php\/2022\/02\/18\/pedro-machado-jose-arruda-e-santana-dias-integram-orgaos-sociais-da-associacao-das-rotas-dos-vinhos-de-portugal\/","title":{"rendered":"Pedro Machado, Jos\u00e9 Arruda e Santana Dias integram \u00f3rg\u00e3os sociais da Associa\u00e7\u00e3o das Rotas dos Vinhos de Portugal"},"content":{"rendered":"<div id=\"attachment_13868\" style=\"width: 510px\" class=\"wp-caption alignleft\"><img loading=\"lazy\" decoding=\"async\" aria-describedby=\"caption-attachment-13868\" class=\"wp-image-13868 size-full\" src=\"https:\/\/tintafresca.net\/wp-content\/uploads\/2022\/02\/TCP_Associacao_vinhos10.jpg\" alt=\"\" width=\"500\" height=\"321\" \/><p id=\"caption-attachment-13868\" class=\"wp-caption-text\">Membros dos \u00f3rg\u00e3os sociais da Associa\u00e7\u00e3o das Rotas dos Vinhos de Portugal<\/p><\/div>\n<p>Pedro Machado, presidente da Entidade Regional de Turismo do Centro de Portugal, foi eleito presidente da Mesa da Assembleia Geral da Associa\u00e7\u00e3o das Rotas dos Vinhos de Portugal (ARVP), numa cerim\u00f3nia que decorreu no Convento de S\u00e3o Francisco, em Santar\u00e9m. Jorge Sampaio, vice-presidente da C\u00e2mara Municipal de Anadia, \u00e9 o novo presidente da Dire\u00e7\u00e3o da ARVP. Jos\u00e9 Arruda, do Cartaxo, e Filipe Santa Dias, de Rio Maior, integram tamb\u00e9m os novos \u00f3rg\u00e3os sociais, numa elei\u00e7\u00e3o que teve lugar durante a 10.\u00aa edi\u00e7\u00e3o das Jornadas do Enoturismo, que decorre nos dia 17 e 18 de fevereiro.<\/p>\n<p>As Jornadas do Enoturismo, de que a Turismo Centro de Portugal \u00e9 parceira na organiza\u00e7\u00e3o, \u00e9 uma iniciativa conjunta das cinco regi\u00f5es vitivin\u00edcolas do Centro de Portugal: Bairrada, Beira Interior, D\u00e3o, Lisboa e Tejo, e regressaram este ano, depois de dois anos de pausa motivada pela pandemia.<\/p>\n<p>A 10.\u00aa edi\u00e7\u00e3o, a cargo da Comiss\u00e3o Vitivin\u00edcola Regional do Tejo e da Rota dos Vinhos do Tejo, tem como tema \u201cEnoturismo como Fator de Inova\u00e7\u00e3o para o Destino\u201d.<\/p>\n<p>Pedro Machado participou na Sess\u00e3o de Abertura destas jornadas, ao lado de Lu\u00eds de Castro, presidente da Comiss\u00e3o Vitivin\u00edcola Regional (CVR) do Tejo, Jos\u00e9 Lu\u00eds Marques, diretor da Escola de Hotelaria e Turismo de Coimbra, V\u00edtor Silva, presidente da Entidade Regional de Turismo do Alentejo e Ribatejo e Nuno Russo, vereador da C\u00e2mara Municipal de Santar\u00e9m.<\/p>\n<p>Ao longo dos dois dias, os participantes t\u00eam a oportunidade de assistir a pain\u00e9is tem\u00e1ticos e de visitar produtores de Vinhos do Tejo que se destacam pela aposta no enoturismo.<\/p>\n<p>Os novos \u00f3rg\u00e3os sociais da Associa\u00e7\u00e3o das Rotas dos Vinhos de Portugal (ARVP) s\u00e3o os seguintes:<\/p>\n<p>Mesa da Assembleia Geral<\/p>\n<p>Presidente: Pedro Machado (Entidade Regional Turismo Centro de Portugal)<br \/>\nVice-Presidente: Filipe Santana Dias (C\u00e2mara Municipal de Rio Maior)<br \/>\nSecret\u00e1ria: Helena Teod\u00f3sio (C\u00e2mara Municipal de Cantanhede)<\/p>\n<p>Dire\u00e7\u00e3o:<\/p>\n<p>Presidente: Jorge Sampaio (C\u00e2mara Municipal da Anadia)<br \/>\nVice-Presidente: \u00c2ngelo Machado (Rota de Vinhos da Pen\u00ednsula de Set\u00fabal)<br \/>\nVice-Presidente: Rodolfo Queiroz (CVR Beira Interior)<br \/>\nTesoureiro: Jos\u00e9 Arruda (AMPV &#8211; Associa\u00e7\u00e3o dos Munic\u00edpios Produtores de Vinho)<br \/>\nSecret\u00e1rio: Pedro Castro Rego (Federa\u00e7\u00e3o das Confrarias B\u00e1quicas)<br \/>\nVogais: Vasco Touguinha (C\u00e2mara Municipal de Loures), C\u00e2ndido Mendes (Federa\u00e7\u00e3o Portuguesa de Turismo Rural), Emanuel Pereira (Associa\u00e7\u00e3o Madeira Rural) e Maria Lurdes Vaz (AMPV)<\/p>\n<p>Conselho Fiscal<\/p>\n<p>Presidente: Ant\u00f3nio Barbosa (C\u00e2mara Municipal de Mon\u00e7\u00e3o)<br \/>\nSecret\u00e1rio: Lu\u00eds Tadeu (C\u00e2mara Municipal de Gouveia)<br \/>\nRelator: Ant\u00f3nio Oliveira (TOC)<\/p>\n<p>S<strong>obre o Turismo Centro de Portugal<\/strong><\/p>\n<p>O Turismo Centro de Portugal \u00e9 a entidade que estrutura e promove o turismo na Regi\u00e3o Centro do pa\u00eds. Esta \u00e9 a maior e mais diversificada \u00e1rea tur\u00edstica nacional, abrangendo 100 munic\u00edpios, e tem registado um intenso crescimento da procura interna e externa. \u00c9 a regi\u00e3o a escolher para quem pretende experi\u00eancias diversificadas, pois concilia locais Patrim\u00f3nio da Humanidade com a melhor costa de surf da Europa, termas e spas id\u00edlicos, locais de culto de import\u00e2ncia mundial e as mais belas aldeias.<\/p>\n<p><strong>\u00a0 \u00a0 Fonte: TCP e PV<\/strong><\/p>\n","protected":false},"excerpt":{"rendered":"<p>Pedro Machado, presidente da Entidade Regional de Turismo do Centro de Portugal, foi eleito presidente da Mesa da Assembleia Geral da Associa\u00e7\u00e3o das Rotas dos Vinhos de Portugal (ARVP), numa cerim\u00f3nia que decorreu no Convento de S\u00e3o Francisco, em Santar\u00e9m. Jorge Sampaio, vice-presidente da C\u00e2mara Municipal de Anadia, \u00e9 o novo presidente da Dire\u00e7\u00e3o da [&hellip;]<\/p>\n","protected":false},"author":2,"featured_media":13869,"comment_status":"open","ping_status":"open","sticky":false,"template":"","format":"standard","meta":{"footnotes":""},"categories":[7],"tags":[],"class_list":["post-13865","post","type-post","status-publish","format-standard","has-post-thumbnail","hentry","category-economia"],"_links":{"self":[{"href":"https:\/\/tintafresca.net\/index.php\/wp-json\/wp\/v2\/posts\/13865","targetHints":{"allow":["GET"]}}],"collection":[{"href":"https:\/\/tintafresca.net\/index.php\/wp-json\/wp\/v2\/posts"}],"about":[{"href":"https:\/\/tintafresca.net\/index.php\/wp-json\/wp\/v2\/types\/post"}],"author":[{"embeddable":true,"href":"https:\/\/tintafresca.net\/index.php\/wp-json\/wp\/v2\/users\/2"}],"replies":[{"embeddable":true,"href":"https:\/\/tintafresca.net\/index.php\/wp-json\/wp\/v2\/comments?post=13865"}],"version-history":[{"count":3,"href":"https:\/\/tintafresca.net\/index.php\/wp-json\/wp\/v2\/posts\/13865\/revisions"}],"predecessor-version":[{"id":13871,"href":"https:\/\/tintafresca.net\/index.php\/wp-json\/wp\/v2\/posts\/13865\/revisions\/13871"}],"wp:featuredmedia":[{"embeddable":true,"href":"https:\/\/tintafresca.net\/index.php\/wp-json\/wp\/v2\/media\/13869"}],"wp:attachment":[{"href":"https:\/\/tintafresca.net\/index.php\/wp-json\/wp\/v2\/media?parent=13865"}],"wp:term":[{"taxonomy":"category","embeddable":true,"href":"https:\/\/tintafresca.net\/index.php\/wp-json\/wp\/v2\/categories?post=13865"},{"taxonomy":"post_tag","embeddable":true,"href":"https:\/\/tintafresca.net\/index.php\/wp-json\/wp\/v2\/tags?post=13865"}],"curies":[{"name":"wp","href":"https:\/\/api.w.org\/{rel}","templated":true}]}}