{"id":13927,"date":"2022-02-20T15:20:35","date_gmt":"2022-02-20T15:20:35","guid":{"rendered":"https:\/\/tintafresca.net\/?p=13927"},"modified":"2022-02-20T15:28:57","modified_gmt":"2022-02-20T15:28:57","slug":"municipio-de-leiria-acolhe-representantes-de-congenere-espanhol-no-ambito-do-pacto-dos-autarcas-para-o-clima-e-energia","status":"publish","type":"post","link":"https:\/\/tintafresca.net\/index.php\/2022\/02\/20\/municipio-de-leiria-acolhe-representantes-de-congenere-espanhol-no-ambito-do-pacto-dos-autarcas-para-o-clima-e-energia\/","title":{"rendered":"Munic\u00edpio de Leiria acolhe membros de cong\u00e9nere espanhol no \u00e2mbito do Pacto dos Autarcas para o Clima e Energia"},"content":{"rendered":"<p><img loading=\"lazy\" decoding=\"async\" class=\"alignleft wp-image-13936 size-full\" src=\"https:\/\/tintafresca.net\/wp-content\/uploads\/2022\/02\/pacto_autarcas_2.png\" alt=\"\" width=\"375\" height=\"203\" \/>No \u00e2mbito do programa de partilha do Pacto dos Autarcas para o Clima e Energia, ao qual o Munic\u00edpio de Leiria aderiu em 2021, ir\u00e1 este Munic\u00edpio, na qualidade de mentor, acolher representantes da cidade de Calvia, \u00a0da prov\u00edncia e comunidade aut\u00f3noma das Ilhas Baleares (Espanha), nos dias 22 e 23 de fevereiro.<\/p>\n<p>Este programa tem como objetivo promover a partilha de conhecimentos e experi\u00eancias que apoiem a cidade parceira de Calvia na implementa\u00e7\u00e3o e desenvolvimento de a\u00e7\u00f5es em mat\u00e9ria de energia e clima ao n\u00edvel das cidades.<\/p>\n<p>As sess\u00f5es de apresenta\u00e7\u00e3o, a realizar pelo Munic\u00edpio de Leiria e pelos SMAS, nos dias 22 e 23 de fevereiro, incluem visitas presenciais a a\u00e7\u00f5es adotadas no \u00e2mbito do Plano Municipal de Adapta\u00e7\u00e3o \u00e0s Altera\u00e7\u00f5es Clim\u00e1ticas (PMAAC-Leiria), sess\u00e3o de mesa-redonda para debate sobre clima e energia, e tamb\u00e9m, em parceria com os SMAS,\u00a0apresenta\u00e7\u00e3o do projeto sensorial \u201cNascente\u201d que ir\u00e1 decorrer dia 23, \u00e0s 14:30, no Teatro Miguel Franco.<\/p>\n<p><strong>\u00a0 \u00a0 Fonte: GRPG|CML<\/strong><\/p>\n","protected":false},"excerpt":{"rendered":"<p>No \u00e2mbito do programa de partilha do Pacto dos Autarcas para o Clima e Energia, ao qual o Munic\u00edpio de Leiria aderiu em 2021, ir\u00e1 este Munic\u00edpio, na qualidade de mentor, acolher representantes da cidade de Calvia, \u00a0da prov\u00edncia e comunidade aut\u00f3noma das Ilhas Baleares (Espanha), nos dias 22 e 23 de fevereiro. Este programa [&hellip;]<\/p>\n","protected":false},"author":2,"featured_media":13937,"comment_status":"open","ping_status":"open","sticky":false,"template":"","format":"standard","meta":{"footnotes":""},"categories":[9],"tags":[],"class_list":["post-13927","post","type-post","status-publish","format-standard","has-post-thumbnail","hentry","category-ambiente"],"_links":{"self":[{"href":"https:\/\/tintafresca.net\/index.php\/wp-json\/wp\/v2\/posts\/13927","targetHints":{"allow":["GET"]}}],"collection":[{"href":"https:\/\/tintafresca.net\/index.php\/wp-json\/wp\/v2\/posts"}],"about":[{"href":"https:\/\/tintafresca.net\/index.php\/wp-json\/wp\/v2\/types\/post"}],"author":[{"embeddable":true,"href":"https:\/\/tintafresca.net\/index.php\/wp-json\/wp\/v2\/users\/2"}],"replies":[{"embeddable":true,"href":"https:\/\/tintafresca.net\/index.php\/wp-json\/wp\/v2\/comments?post=13927"}],"version-history":[{"count":5,"href":"https:\/\/tintafresca.net\/index.php\/wp-json\/wp\/v2\/posts\/13927\/revisions"}],"predecessor-version":[{"id":13941,"href":"https:\/\/tintafresca.net\/index.php\/wp-json\/wp\/v2\/posts\/13927\/revisions\/13941"}],"wp:featuredmedia":[{"embeddable":true,"href":"https:\/\/tintafresca.net\/index.php\/wp-json\/wp\/v2\/media\/13937"}],"wp:attachment":[{"href":"https:\/\/tintafresca.net\/index.php\/wp-json\/wp\/v2\/media?parent=13927"}],"wp:term":[{"taxonomy":"category","embeddable":true,"href":"https:\/\/tintafresca.net\/index.php\/wp-json\/wp\/v2\/categories?post=13927"},{"taxonomy":"post_tag","embeddable":true,"href":"https:\/\/tintafresca.net\/index.php\/wp-json\/wp\/v2\/tags?post=13927"}],"curies":[{"name":"wp","href":"https:\/\/api.w.org\/{rel}","templated":true}]}}