{"id":13960,"date":"2022-02-21T11:43:37","date_gmt":"2022-02-21T11:43:37","guid":{"rendered":"https:\/\/tintafresca.net\/?p=13960"},"modified":"2022-02-21T16:59:47","modified_gmt":"2022-02-21T16:59:47","slug":"santarem-recebe-xiii-congresso-nacional-do-milho-2022","status":"publish","type":"post","link":"https:\/\/tintafresca.net\/index.php\/2022\/02\/21\/santarem-recebe-xiii-congresso-nacional-do-milho-2022\/","title":{"rendered":"Santar\u00e9m recebe XIII Congresso Nacional do Milho 2022"},"content":{"rendered":"<div id=\"attachment_13961\" style=\"width: 313px\" class=\"wp-caption alignleft\"><img loading=\"lazy\" decoding=\"async\" aria-describedby=\"caption-attachment-13961\" class=\"wp-image-13961 size-full\" src=\"https:\/\/tintafresca.net\/wp-content\/uploads\/2022\/02\/Santarem_Congresso_Milho2.png\" alt=\"\" width=\"303\" height=\"608\" \/><p id=\"caption-attachment-13961\" class=\"wp-caption-text\">Cartaz<\/p><\/div>\n<p>O XIII Congresso Nacional do Milho 2022 organizado pela Associa\u00e7\u00e3o Nacional dos Produtores de Milho e Sorgo (ANPROMIS), realiza-se nos dias 23 e 24 de mar\u00e7o, no CNEMA, em Santar\u00e9m.<\/p>\n<p>O Munic\u00edpio de Santar\u00e9m associa-se a este Congresso com apoio institucional\u00a0 e a sess\u00e3o de abertura contar\u00e1 com a presen\u00e7a de Ricardo Gon\u00e7alves, presidente da C\u00e2mara Municipal de Santar\u00e9m, traduzindo a relev\u00e2ncia que a agricultura tem para o concelho de Santar\u00e9m.<\/p>\n<p>Neste dois dias de confer\u00eancias do setor agroalimentar v\u00e3o estar em debate temas como: a import\u00e2ncia da gest\u00e3o integrada dos recursos h\u00eddricos em contexto de altera\u00e7\u00f5es clim\u00e1ticas, os novos desafios da alimenta\u00e7\u00e3o, os mercados mundiais das mat\u00e9rias-primas, o papel da agricultura no modelo de desenvolvimento socioecon\u00f3mico portugu\u00eas e a agricultura portuguesa na Pol\u00edtica Agr\u00edcola Comum p\u00f3s-2022.<\/p>\n<p>Para participar no congresso \u00e9 obrigat\u00f3rio efetuar inscri\u00e7\u00e3o.<\/p>\n<p><strong>\u00a0 Fonte: GRPC|CMS<\/strong><\/p>\n","protected":false},"excerpt":{"rendered":"<p>O XIII Congresso Nacional do Milho 2022 organizado pela Associa\u00e7\u00e3o Nacional dos Produtores de Milho e Sorgo (ANPROMIS), realiza-se nos dias 23 e 24 de mar\u00e7o, no CNEMA, em Santar\u00e9m. O Munic\u00edpio de Santar\u00e9m associa-se a este Congresso com apoio institucional\u00a0 e a sess\u00e3o de abertura contar\u00e1 com a presen\u00e7a de Ricardo Gon\u00e7alves, presidente da [&hellip;]<\/p>\n","protected":false},"author":2,"featured_media":13963,"comment_status":"open","ping_status":"open","sticky":false,"template":"","format":"standard","meta":{"footnotes":""},"categories":[7],"tags":[],"class_list":["post-13960","post","type-post","status-publish","format-standard","has-post-thumbnail","hentry","category-economia"],"_links":{"self":[{"href":"https:\/\/tintafresca.net\/index.php\/wp-json\/wp\/v2\/posts\/13960","targetHints":{"allow":["GET"]}}],"collection":[{"href":"https:\/\/tintafresca.net\/index.php\/wp-json\/wp\/v2\/posts"}],"about":[{"href":"https:\/\/tintafresca.net\/index.php\/wp-json\/wp\/v2\/types\/post"}],"author":[{"embeddable":true,"href":"https:\/\/tintafresca.net\/index.php\/wp-json\/wp\/v2\/users\/2"}],"replies":[{"embeddable":true,"href":"https:\/\/tintafresca.net\/index.php\/wp-json\/wp\/v2\/comments?post=13960"}],"version-history":[{"count":1,"href":"https:\/\/tintafresca.net\/index.php\/wp-json\/wp\/v2\/posts\/13960\/revisions"}],"predecessor-version":[{"id":13962,"href":"https:\/\/tintafresca.net\/index.php\/wp-json\/wp\/v2\/posts\/13960\/revisions\/13962"}],"wp:featuredmedia":[{"embeddable":true,"href":"https:\/\/tintafresca.net\/index.php\/wp-json\/wp\/v2\/media\/13963"}],"wp:attachment":[{"href":"https:\/\/tintafresca.net\/index.php\/wp-json\/wp\/v2\/media?parent=13960"}],"wp:term":[{"taxonomy":"category","embeddable":true,"href":"https:\/\/tintafresca.net\/index.php\/wp-json\/wp\/v2\/categories?post=13960"},{"taxonomy":"post_tag","embeddable":true,"href":"https:\/\/tintafresca.net\/index.php\/wp-json\/wp\/v2\/tags?post=13960"}],"curies":[{"name":"wp","href":"https:\/\/api.w.org\/{rel}","templated":true}]}}