{"id":13964,"date":"2022-02-21T14:20:56","date_gmt":"2022-02-21T14:20:56","guid":{"rendered":"https:\/\/tintafresca.net\/?p=13964"},"modified":"2022-02-21T14:31:14","modified_gmt":"2022-02-21T14:31:14","slug":"politecnico-de-leiria-e-inpulsar-promovem-congresso-para-sensibilizar-para-rastreio-e-prevencao-do-vih-e-hepatites-virais","status":"publish","type":"post","link":"https:\/\/tintafresca.net\/index.php\/2022\/02\/21\/politecnico-de-leiria-e-inpulsar-promovem-congresso-para-sensibilizar-para-rastreio-e-prevencao-do-vih-e-hepatites-virais\/","title":{"rendered":"Polit\u00e9cnico de Leiria e InPulsar promovem congresso para sensibilizar para rastreio e preven\u00e7\u00e3o do VIH e hepatites virais"},"content":{"rendered":"<div id=\"attachment_13966\" style=\"width: 510px\" class=\"wp-caption alignleft\"><img loading=\"lazy\" decoding=\"async\" aria-describedby=\"caption-attachment-13966\" class=\"wp-image-13966 size-full\" src=\"https:\/\/tintafresca.net\/wp-content\/uploads\/2022\/02\/Associacao_Impulsar20.jpg\" alt=\"\" width=\"500\" height=\"281\" \/><p id=\"caption-attachment-13966\" class=\"wp-caption-text\">Cartaz<\/p><\/div>\n<p>Sensibilizar para os benef\u00edcios do rastreio e preven\u00e7\u00e3o do VIH e Hepatites Virais, e abrir espa\u00e7o \u00e0 reflex\u00e3o sobre a acessibilidade aos servi\u00e7os, tratamento e promo\u00e7\u00e3o de boas pr\u00e1ticas na interven\u00e7\u00e3o com popula\u00e7\u00f5es vulner\u00e1veis, \u00e9 o prop\u00f3sito do I Congresso \u201cMais acesso, melhor sa\u00fade: capacitar popula\u00e7\u00f5es vulner\u00e1veis\u201d, que vai ser promovido pela Escola Superior de Sa\u00fade (ESSLei) do Polit\u00e9cnico de Leiria e pela InPulsar \u2013 Associa\u00e7\u00e3o para o Desenvolvimento Comunit\u00e1rio, nos pr\u00f3ximos dias 25 e 26 de fevereiro.<\/p>\n<p>A promo\u00e7\u00e3o do evento surge no \u00e2mbito do contexto pand\u00e9mico, que despoletou novos desafios e necessidades para as pessoas que vivem com infe\u00e7\u00e3o por VIH e Hepatites Virais Cr\u00f3nicas no acesso, diagn\u00f3stico e liga\u00e7\u00e3o\/reten\u00e7\u00e3o aos cuidados de sa\u00fade. O congresso destina-se a profissionais de sa\u00fade, profissionais da \u00e1rea social, docentes, estudantes e comunidade em geral.<\/p>\n<p>\u201cEstigma e Sa\u00fade Mental\u201d \u00e9 o tema do primeiro painel, que decorre no dia 25 de fevereiro, pelas 09h30. Segue-se, pelas 11h15, a sess\u00e3o de abertura com a presen\u00e7a de Rui Pedrosa, presidente do Polit\u00e9cnico de Leiria, Gon\u00e7alo Lopes, presidente da C\u00e2mara Municipal de Leiria, e Miguel Xavier, presidente da InPulsar.<\/p>\n<p>Quando forem 12h15 tem lugar a confer\u00eancia inaugural, com Margarida Tavares, infeciologista do Hospital de S. Jo\u00e3o, investigadora no Instituto de Sa\u00fade \u2013 P\u00fablica da Universidade do Porto, e diretora do Programa priorit\u00e1rio para a \u00e1rea das Infe\u00e7\u00f5es Sexualmente Transmiss\u00edveis e da Infe\u00e7\u00e3o pelo V\u00edrus da Imunodefici\u00eancia Humana.<\/p>\n<p>O segundo painel est\u00e1 agendado para as 14h30 e subordina-se ao tema \u201cDiagn\u00f3stico, preven\u00e7\u00e3o e liga\u00e7\u00e3o\/reten\u00e7\u00e3o aos cuidados de sa\u00fade\u201d, ao qual se segue uma sess\u00e3o de comunica\u00e7\u00f5es livres e o encerramento do primeiro dia.<\/p>\n<p>\u201cBoas pr\u00e1ticas na interven\u00e7\u00e3o com popula\u00e7\u00f5es vulner\u00e1veis\u201d \u00e9 o tema em destaque no painel 3, que se realiza no dia 26 de fevereiro, pelas 11h00, seguindo-se \u00e0s 12h30 o painel 4, sobre a tem\u00e1tica \u201cAtivismo e Qualidade de Vida\u201d. Ap\u00f3s a conclus\u00e3o do quarto painel decorre a sess\u00e3o de encerramento do congresso, com uma entrega de pr\u00e9mios.<\/p>\n<p>Todas as informa\u00e7\u00f5es sobre o congresso podem ser conhecidas em <a href=\"https:\/\/maisacessomelhorsaude.ipleiria.pt\/\">https:\/\/maisacessomelhorsaude.ipleiria.pt\/<\/a>.<\/p>\n<p><strong>\u00a0 \u00a0 \u00a0Fonte:<\/strong> <strong>Midlandcom<\/strong><\/p>\n","protected":false},"excerpt":{"rendered":"<p>Sensibilizar para os benef\u00edcios do rastreio e preven\u00e7\u00e3o do VIH e Hepatites Virais, e abrir espa\u00e7o \u00e0 reflex\u00e3o sobre a acessibilidade aos servi\u00e7os, tratamento e promo\u00e7\u00e3o de boas pr\u00e1ticas na interven\u00e7\u00e3o com popula\u00e7\u00f5es vulner\u00e1veis, \u00e9 o prop\u00f3sito do I Congresso \u201cMais acesso, melhor sa\u00fade: capacitar popula\u00e7\u00f5es vulner\u00e1veis\u201d, que vai ser promovido pela Escola Superior de [&hellip;]<\/p>\n","protected":false},"author":2,"featured_media":13967,"comment_status":"open","ping_status":"open","sticky":false,"template":"","format":"standard","meta":{"footnotes":""},"categories":[6],"tags":[],"class_list":["post-13964","post","type-post","status-publish","format-standard","has-post-thumbnail","hentry","category-saude"],"_links":{"self":[{"href":"https:\/\/tintafresca.net\/index.php\/wp-json\/wp\/v2\/posts\/13964","targetHints":{"allow":["GET"]}}],"collection":[{"href":"https:\/\/tintafresca.net\/index.php\/wp-json\/wp\/v2\/posts"}],"about":[{"href":"https:\/\/tintafresca.net\/index.php\/wp-json\/wp\/v2\/types\/post"}],"author":[{"embeddable":true,"href":"https:\/\/tintafresca.net\/index.php\/wp-json\/wp\/v2\/users\/2"}],"replies":[{"embeddable":true,"href":"https:\/\/tintafresca.net\/index.php\/wp-json\/wp\/v2\/comments?post=13964"}],"version-history":[{"count":3,"href":"https:\/\/tintafresca.net\/index.php\/wp-json\/wp\/v2\/posts\/13964\/revisions"}],"predecessor-version":[{"id":13969,"href":"https:\/\/tintafresca.net\/index.php\/wp-json\/wp\/v2\/posts\/13964\/revisions\/13969"}],"wp:featuredmedia":[{"embeddable":true,"href":"https:\/\/tintafresca.net\/index.php\/wp-json\/wp\/v2\/media\/13967"}],"wp:attachment":[{"href":"https:\/\/tintafresca.net\/index.php\/wp-json\/wp\/v2\/media?parent=13964"}],"wp:term":[{"taxonomy":"category","embeddable":true,"href":"https:\/\/tintafresca.net\/index.php\/wp-json\/wp\/v2\/categories?post=13964"},{"taxonomy":"post_tag","embeddable":true,"href":"https:\/\/tintafresca.net\/index.php\/wp-json\/wp\/v2\/tags?post=13964"}],"curies":[{"name":"wp","href":"https:\/\/api.w.org\/{rel}","templated":true}]}}