{"id":13970,"date":"2022-02-21T16:02:06","date_gmt":"2022-02-21T16:02:06","guid":{"rendered":"https:\/\/tintafresca.net\/?p=13970"},"modified":"2022-02-21T16:11:22","modified_gmt":"2022-02-21T16:11:22","slug":"serra-de-sao-juliao-recebeu-a-plantacao-de-600-arvores-e-arbustos-autoctones","status":"publish","type":"post","link":"https:\/\/tintafresca.net\/index.php\/2022\/02\/21\/serra-de-sao-juliao-recebeu-a-plantacao-de-600-arvores-e-arbustos-autoctones\/","title":{"rendered":"Serra de S\u00e3o Juli\u00e3o recebeu a planta\u00e7\u00e3o de 600 \u00e1rvores e arbustos aut\u00f3ctones"},"content":{"rendered":"<div id=\"attachment_13972\" style=\"width: 510px\" class=\"wp-caption alignleft\"><img loading=\"lazy\" decoding=\"async\" aria-describedby=\"caption-attachment-13972\" class=\"wp-image-13972 size-full\" src=\"https:\/\/tintafresca.net\/wp-content\/uploads\/2022\/02\/TV_Serra_Sao_Juliao30.jpg\" alt=\"\" width=\"500\" height=\"343\" \/><p id=\"caption-attachment-13972\" class=\"wp-caption-text\">Alunos da Escola Profissional Agr\u00edcola Fernando Barros Leal participaram na planta\u00e7\u00e3o<\/p><\/div>\n<p>Cerca de 600 \u00e1rvores e arbustos aut\u00f3ctones foram plantados na Serra de S\u00e3o Juli\u00e3o, numa a\u00e7\u00e3o que decorreu na sexta-feira, 18 de fevereiro. Sobreiro, medronheiro, carvalho portugu\u00eas, alfarrobeira, zambujeiro, azinheira e carvalho alvarinho foram as esp\u00e9cies plantadas, numa \u00e1rea de 1,5 hectares do Baldio de S\u00e3o Juli\u00e3o, propriedade da Junta de Freguesia da Uni\u00e3o das Freguesias de Carvoeira e Carm\u00f5es.<\/p>\n<p>A iniciativa contou com 52 participantes, entre sapadores florestais, alunos da Escola Profissional Agr\u00edcola Fernando Barros Leal, crian\u00e7as do Jardim de Inf\u00e2ncia de S\u00e3o Domingos de Carm\u00f5es, trabalhadores da Junta de Freguesia da Uni\u00e3o das Freguesias de Carvoeira e Carm\u00f5es e elementos do Gabinete T\u00e9cnico Florestal.<\/p>\n<div id=\"attachment_13973\" style=\"width: 510px\" class=\"wp-caption alignleft\"><img loading=\"lazy\" decoding=\"async\" aria-describedby=\"caption-attachment-13973\" class=\"wp-image-13973 size-full\" src=\"https:\/\/tintafresca.net\/wp-content\/uploads\/2022\/02\/TV_Serra_Sao_Juliao10.jpg\" alt=\"\" width=\"500\" height=\"333\" \/><p id=\"caption-attachment-13973\" class=\"wp-caption-text\">Sobreiro, medronheiro, carvalho portugu\u00eas, alfarrobeira, zambujeiro, azinheira e carvalho alvarinho foram as esp\u00e9cies plantadas<\/p><\/div>\n<p>Esta a\u00e7\u00e3o de planta\u00e7\u00e3o contou, ainda, com o apoio do aspirante Geoparque do Oeste, da Quercus e da EPSON, que contribu\u00edram com a ced\u00eancia de 500 \u00e1rvores.<\/p>\n<p>Tamb\u00e9m com o objetivo de contribuir para a instala\u00e7\u00e3o do Eco Parque da Serra de S\u00e3o Juli\u00e3o, uma associa\u00e7\u00e3o de pais e encarregados de educa\u00e7\u00e3o de A dos Cunhados promoveu uma a\u00e7\u00e3o de planta\u00e7\u00e3o no passado dia 6 de fevereiro. Cerca de 250 \u00e1rvores e arbustos foram plantadas naquela propriedade, por 48 pais e alunos e pelo Gabinete T\u00e9cnico Florestal.<\/p>\n<p><strong>\u00a0 \u00a0 Fonte: ACM|CMTV<\/strong><\/p>\n","protected":false},"excerpt":{"rendered":"<p>Cerca de 600 \u00e1rvores e arbustos aut\u00f3ctones foram plantados na Serra de S\u00e3o Juli\u00e3o, numa a\u00e7\u00e3o que decorreu na sexta-feira, 18 de fevereiro. Sobreiro, medronheiro, carvalho portugu\u00eas, alfarrobeira, zambujeiro, azinheira e carvalho alvarinho foram as esp\u00e9cies plantadas, numa \u00e1rea de 1,5 hectares do Baldio de S\u00e3o Juli\u00e3o, propriedade da Junta de Freguesia da Uni\u00e3o das [&hellip;]<\/p>\n","protected":false},"author":2,"featured_media":13974,"comment_status":"open","ping_status":"open","sticky":false,"template":"","format":"standard","meta":{"footnotes":""},"categories":[9],"tags":[],"class_list":["post-13970","post","type-post","status-publish","format-standard","has-post-thumbnail","hentry","category-ambiente"],"_links":{"self":[{"href":"https:\/\/tintafresca.net\/index.php\/wp-json\/wp\/v2\/posts\/13970","targetHints":{"allow":["GET"]}}],"collection":[{"href":"https:\/\/tintafresca.net\/index.php\/wp-json\/wp\/v2\/posts"}],"about":[{"href":"https:\/\/tintafresca.net\/index.php\/wp-json\/wp\/v2\/types\/post"}],"author":[{"embeddable":true,"href":"https:\/\/tintafresca.net\/index.php\/wp-json\/wp\/v2\/users\/2"}],"replies":[{"embeddable":true,"href":"https:\/\/tintafresca.net\/index.php\/wp-json\/wp\/v2\/comments?post=13970"}],"version-history":[{"count":2,"href":"https:\/\/tintafresca.net\/index.php\/wp-json\/wp\/v2\/posts\/13970\/revisions"}],"predecessor-version":[{"id":13975,"href":"https:\/\/tintafresca.net\/index.php\/wp-json\/wp\/v2\/posts\/13970\/revisions\/13975"}],"wp:featuredmedia":[{"embeddable":true,"href":"https:\/\/tintafresca.net\/index.php\/wp-json\/wp\/v2\/media\/13974"}],"wp:attachment":[{"href":"https:\/\/tintafresca.net\/index.php\/wp-json\/wp\/v2\/media?parent=13970"}],"wp:term":[{"taxonomy":"category","embeddable":true,"href":"https:\/\/tintafresca.net\/index.php\/wp-json\/wp\/v2\/categories?post=13970"},{"taxonomy":"post_tag","embeddable":true,"href":"https:\/\/tintafresca.net\/index.php\/wp-json\/wp\/v2\/tags?post=13970"}],"curies":[{"name":"wp","href":"https:\/\/api.w.org\/{rel}","templated":true}]}}