{"id":14010,"date":"2022-02-23T12:08:39","date_gmt":"2022-02-23T12:08:39","guid":{"rendered":"https:\/\/tintafresca.net\/?p=14010"},"modified":"2022-02-23T12:31:14","modified_gmt":"2022-02-23T12:31:14","slug":"consorcio-da-fileira-da-resina-natural-obtem-29-milhoes-de-euros-de-investimento","status":"publish","type":"post","link":"https:\/\/tintafresca.net\/index.php\/2022\/02\/23\/consorcio-da-fileira-da-resina-natural-obtem-29-milhoes-de-euros-de-investimento\/","title":{"rendered":"Cons\u00f3rcio da fileira da Resina Natural obt\u00e9m 29 milh\u00f5es de euros de investimento"},"content":{"rendered":"<div id=\"attachment_14013\" style=\"width: 510px\" class=\"wp-caption alignleft\"><img loading=\"lazy\" decoding=\"async\" aria-describedby=\"caption-attachment-14013\" class=\"wp-image-14013 size-full\" src=\"https:\/\/tintafresca.net\/wp-content\/uploads\/2022\/02\/Resina10.jpg\" alt=\"\" width=\"500\" height=\"281\" \/><p id=\"caption-attachment-14013\" class=\"wp-caption-text\">Recolha de resina no Pinhal de Leiria<\/p><\/div>\n<p>O Cons\u00f3rcio RN21 &#8211; Inova\u00e7\u00e3o na Fileira da Resina Natural para Refor\u00e7o da Bioeconomia Nacional, que conta com 38 parceiros, incluindo a CIM Regi\u00e3o de Leiria, o IPLeiria e a Resipinus e que \u00e9 liderado pelo ForestWISE &#8211; Laborato\u0301rio Colaborativo para a Gesta\u0303o integrada da Floresta e do Fogo, viu aprovada a 1\u00aa fase da candidatura, com um investimento de 29 milh\u00f5es de euros.<\/p>\n<p>Esta iniciativa, re\u00fane pela primeira vez as empresas e outras entidades de toda a cadeia de valor da Resina Natural em Portugal, num Cons\u00f3rcio integrado e mobilizador de investiga\u00e7\u00e3o e inova\u00e7\u00e3o para uma maior valoriza\u00e7\u00e3o da Resina Natural nacional enquanto produto \u201cbio\u201d, potenciando um maior leque de aplica\u00e7\u00f5es de mercado e fomentando a revitaliza\u00e7\u00e3o de toda a cadeia de valor com vista \u00e0 sua moderniza\u00e7\u00e3o, sustentabilidade e incorpora\u00e7\u00e3o de conhecimento t\u00e9cnico-cient\u00edfico.<\/p>\n<p>A conjuga\u00e7\u00e3o de investimentos p\u00fablicos e privados vai alavancar a transi\u00e7\u00e3o ecol\u00f3gica e digital e criar as condi\u00e7\u00f5es favor\u00e1veis \u00e0 colabora\u00e7\u00e3o interempresarial e com parceiros de I&amp;D&amp;I.<\/p>\n<p>O projeto ser\u00e1 desenvolvido nos territ\u00f3rios da Regi\u00e3o de Leiria, Regi\u00e3o de Coimbra e Alto T\u00e2mega, durante 4 anos, em torno de 3 pilares:<br \/>\nI &#8211; Fomento da produ\u00e7\u00e3o da resina natural nacional;<br \/>\nII \u2013 Refor\u00e7o da sustentabilidade da ind\u00fastria transformadora;<br \/>\nIII \u2013 Diferencia\u00e7\u00e3o positiva da resina natural e produtos derivados.<\/p>\n<p>A Resina Natural \u00e9 uma mat\u00e9ria-prima \u201cbio\u201d e renov\u00e1vel que constitui um dos m\u00faltiplos produtos dos pinhais do Centro e Norte de Portugal, e que tem in\u00fameras aplica\u00e7\u00f5es industriais, como substituto das resinas derivadas do petr\u00f3leo: ind\u00fastria alimentar, cosm\u00e9tica, produ\u00e7\u00e3o de colas e incorpora\u00e7\u00e3o no t\u00eaxtil e no cal\u00e7ado, entre outras.<\/p>\n<p>Num setor com grande impacto e tradi\u00e7\u00e3o na regi\u00e3o, lembramos que, na d\u00e9cada de 1970, Portugal foi o 3\u00ba principal produtor mundial de Resina Natural, com produ\u00e7\u00f5es 25 vezes superiores \u00e0s atuais. De entre os m\u00faltiplos fatores de decl\u00ednio destaca-se a concorr\u00eancia de resinas de outras geografias (China e Brasil) a pre\u00e7os muito mais baixos. Todavia, a ind\u00fastria da 1\u00aa e 2\u00aa transforma\u00e7\u00e3o da Resina Natural tem-se mantido como uma refer\u00eancia internacional.<\/p>\n","protected":false},"excerpt":{"rendered":"<p>O Cons\u00f3rcio RN21 &#8211; Inova\u00e7\u00e3o na Fileira da Resina Natural para Refor\u00e7o da Bioeconomia Nacional, que conta com 38 parceiros, incluindo a CIM Regi\u00e3o de Leiria, o IPLeiria e a Resipinus e que \u00e9 liderado pelo ForestWISE &#8211; Laborato\u0301rio Colaborativo para a Gesta\u0303o integrada da Floresta e do Fogo, viu aprovada a 1\u00aa fase da [&hellip;]<\/p>\n","protected":false},"author":2,"featured_media":14014,"comment_status":"open","ping_status":"open","sticky":false,"template":"","format":"standard","meta":{"footnotes":""},"categories":[7],"tags":[],"class_list":["post-14010","post","type-post","status-publish","format-standard","has-post-thumbnail","hentry","category-economia"],"_links":{"self":[{"href":"https:\/\/tintafresca.net\/index.php\/wp-json\/wp\/v2\/posts\/14010","targetHints":{"allow":["GET"]}}],"collection":[{"href":"https:\/\/tintafresca.net\/index.php\/wp-json\/wp\/v2\/posts"}],"about":[{"href":"https:\/\/tintafresca.net\/index.php\/wp-json\/wp\/v2\/types\/post"}],"author":[{"embeddable":true,"href":"https:\/\/tintafresca.net\/index.php\/wp-json\/wp\/v2\/users\/2"}],"replies":[{"embeddable":true,"href":"https:\/\/tintafresca.net\/index.php\/wp-json\/wp\/v2\/comments?post=14010"}],"version-history":[{"count":3,"href":"https:\/\/tintafresca.net\/index.php\/wp-json\/wp\/v2\/posts\/14010\/revisions"}],"predecessor-version":[{"id":14015,"href":"https:\/\/tintafresca.net\/index.php\/wp-json\/wp\/v2\/posts\/14010\/revisions\/14015"}],"wp:featuredmedia":[{"embeddable":true,"href":"https:\/\/tintafresca.net\/index.php\/wp-json\/wp\/v2\/media\/14014"}],"wp:attachment":[{"href":"https:\/\/tintafresca.net\/index.php\/wp-json\/wp\/v2\/media?parent=14010"}],"wp:term":[{"taxonomy":"category","embeddable":true,"href":"https:\/\/tintafresca.net\/index.php\/wp-json\/wp\/v2\/categories?post=14010"},{"taxonomy":"post_tag","embeddable":true,"href":"https:\/\/tintafresca.net\/index.php\/wp-json\/wp\/v2\/tags?post=14010"}],"curies":[{"name":"wp","href":"https:\/\/api.w.org\/{rel}","templated":true}]}}